{"id":9602,"date":"2021-10-05T20:46:50","date_gmt":"2021-10-05T18:46:50","guid":{"rendered":"http:\/\/zsp12.gliwice.pl\/sp15\/?p=9602"},"modified":"2021-10-05T20:46:56","modified_gmt":"2021-10-05T18:46:56","slug":"dzien-chlopaka-w-sp15","status":"publish","type":"post","link":"https:\/\/zsp12.gliwice.pl\/sp15\/blog\/2021\/10\/05\/dzien-chlopaka-w-sp15\/","title":{"rendered":"Dzie\u0144 Ch\u0142opaka w SP15"},"content":{"rendered":"<p>30 wrze\u015bnia obchodzili\u015bmy w naszej szkole Dzie\u0144 Ch\u0142opaka. Samorz\u0105d Uczniowski zaprosi\u0142 wszystkich do wsp\u00f3lnej zabawy. Ka\u017cdy kto tego dnia za\u0142o\u017cy\u0142 muszk\u0119 lub krawat mia\u0142 szans\u0119 zosta\u0107 zwolnionym z odpowiedzi.<\/p>\n<p>Dodatkowo na ma\u0142ych i du\u017cych m\u0119\u017cczyzn tego dnia czeka\u0142y s\u0142odkie niespodzianki oraz Bony do zrealizowania w najbli\u017cszych tygodniach nauki&nbsp;?<\/p>\n<p><i>Wszystkim ch\u0142opakom du\u017cym i ma\u0142ym<br \/>\n<\/i><i>\u017cyczy\u0107 dzi\u015b chcemy, by byli wspaniali.<br \/>\n<\/i><i>Spe\u0142nienia marze\u0144, u\u015bmiechu, rado\u015bci.<br \/>\n<\/i><i>Du\u017co s\u0142odyczy, \u017cycia pi\u0119knego i wszystkiego najlepszego<br \/>\n<\/i><i>\u017cyczy Wam Samorz\u0105d Uczniowski ZSP 12 w Gliwicach.<\/i><\/p>\nngg_shortcode_0_placeholder\n","protected":false},"excerpt":{"rendered":"<p>30 wrze\u015bnia obchodzili\u015bmy w naszej szkole Dzie\u0144 Ch\u0142opaka. Samorz\u0105d Uczniowski zaprosi\u0142 wszystkich do wsp\u00f3lnej zabawy. Ka\u017cdy kto tego dnia za\u0142o\u017cy\u0142 muszk\u0119 lub krawat mia\u0142 szans\u0119 zosta\u0107 zwolnionym z odpowiedzi. Dodatkowo&#8230;<\/p>\n","protected":false},"author":2,"featured_media":9618,"comment_status":"open","ping_status":"open","sticky":false,"template":"","format":"standard","meta":{"inline_featured_image":false,"ngg_post_thumbnail":0,"footnotes":""},"categories":[29],"tags":[],"class_list":["post-9602","post","type-post","status-publish","format-standard","has-post-thumbnail","hentry","category-aktualnosci"],"_links":{"self":[{"href":"https:\/\/zsp12.gliwice.pl\/sp15\/wp-json\/wp\/v2\/posts\/9602"}],"collection":[{"href":"https:\/\/zsp12.gliwice.pl\/sp15\/wp-json\/wp\/v2\/posts"}],"about":[{"href":"https:\/\/zsp12.gliwice.pl\/sp15\/wp-json\/wp\/v2\/types\/post"}],"author":[{"embeddable":true,"href":"https:\/\/zsp12.gliwice.pl\/sp15\/wp-json\/wp\/v2\/users\/2"}],"replies":[{"embeddable":true,"href":"https:\/\/zsp12.gliwice.pl\/sp15\/wp-json\/wp\/v2\/comments?post=9602"}],"version-history":[{"count":1,"href":"https:\/\/zsp12.gliwice.pl\/sp15\/wp-json\/wp\/v2\/posts\/9602\/revisions"}],"predecessor-version":[{"id":9619,"href":"https:\/\/zsp12.gliwice.pl\/sp15\/wp-json\/wp\/v2\/posts\/9602\/revisions\/9619"}],"wp:featuredmedia":[{"embeddable":true,"href":"https:\/\/zsp12.gliwice.pl\/sp15\/wp-json\/wp\/v2\/media\/9618"}],"wp:attachment":[{"href":"https:\/\/zsp12.gliwice.pl\/sp15\/wp-json\/wp\/v2\/media?parent=9602"}],"wp:term":[{"taxonomy":"category","embeddable":true,"href":"https:\/\/zsp12.gliwice.pl\/sp15\/wp-json\/wp\/v2\/categories?post=9602"},{"taxonomy":"post_tag","embeddable":true,"href":"https:\/\/zsp12.gliwice.pl\/sp15\/wp-json\/wp\/v2\/tags?post=9602"}],"curies":[{"name":"wp","href":"https:\/\/api.w.org\/{rel}","templated":true}]}}