{"id":9582,"date":"2021-10-04T19:16:39","date_gmt":"2021-10-04T17:16:39","guid":{"rendered":"http:\/\/zsp12.gliwice.pl\/sp15\/?p=9582"},"modified":"2021-10-04T19:16:47","modified_gmt":"2021-10-04T17:16:47","slug":"narodowe-czytanie-2","status":"publish","type":"post","link":"https:\/\/zsp12.gliwice.pl\/sp15\/blog\/2021\/10\/04\/narodowe-czytanie-2\/","title":{"rendered":"Narodowe Czytanie"},"content":{"rendered":"<p><em>&nbsp;Zgodnie z tradycj\u0105, tak\u017ce i w tym roku uczniowie naszej szko\u0142y w\u0142\u0105czyli si\u0119 w og\u00f3lnopolsk\u0105 akcj\u0119 Narodowe Czytanie. Jednak ze wzgl\u0119du na epidemi\u0119 Covid-19 nie czytali\u015bmy, jak zwykle, w Biblioforum, ale w bibliotece szkolnej, 1 pa\u017adziernika, pod opiek\u0105 pa\u0144 Ma\u0142gorzaty Drzewieckiej i Lidii \u0141u\u0107.<\/em><br \/>\n<em>W tym roku prezentowane by\u0142y fragmenty &#8220;Moralno\u015bci pani Dulskiej&#8221; Gabrieli Zapolskiej.<\/em><br \/>\n<em>Czytali uczniowie klas: 8a &#8211; Oliwia \u015a., Amelia J., Bartosz W. i Przemys\u0142aw Cz., 7a &#8211; Zofia Sz. Wioletta D. i Vladyslav M. oraz 7b &#8211; Maja K. i Stanis\u0142aw S.<\/em><br \/>\n<em>M\u0142odzie\u017c fantastycznie przygotowa\u0142a si\u0119 do tego wydarzenia &#8211; czytali z bardzo dobra dykcj\u0105, odpowiednio interpretuj\u0105c wybrane partie dialogowe. <strong>Nale\u017c\u0105 im si\u0119 ogromne gratulacje!<br \/>\n<\/strong>Mo\u017ce w nast\u0119pnym roku Narodowe Czytanie odb\u0119dzie si\u0119 ju\u017c bez ogranicze\u0144 zwi\u0105zanych z epidemi\u0105? Mamy tak\u0105 nadziej\u0119.<\/em><\/p>\n<p style=\"text-align: right\"><em>Ma\u0142gorzata Drzewiecka<\/em><\/p>\nngg_shortcode_0_placeholder\n","protected":false},"excerpt":{"rendered":"<p>&nbsp;Zgodnie z tradycj\u0105, tak\u017ce i w tym roku uczniowie naszej szko\u0142y w\u0142\u0105czyli si\u0119 w og\u00f3lnopolsk\u0105 akcj\u0119 Narodowe Czytanie. Jednak ze wzgl\u0119du na epidemi\u0119 Covid-19 nie czytali\u015bmy, jak zwykle, w Biblioforum,&#8230;<\/p>\n","protected":false},"author":2,"featured_media":9588,"comment_status":"open","ping_status":"open","sticky":false,"template":"","format":"standard","meta":{"inline_featured_image":false,"ngg_post_thumbnail":0,"footnotes":""},"categories":[29],"tags":[],"class_list":["post-9582","post","type-post","status-publish","format-standard","has-post-thumbnail","hentry","category-aktualnosci"],"_links":{"self":[{"href":"https:\/\/zsp12.gliwice.pl\/sp15\/wp-json\/wp\/v2\/posts\/9582"}],"collection":[{"href":"https:\/\/zsp12.gliwice.pl\/sp15\/wp-json\/wp\/v2\/posts"}],"about":[{"href":"https:\/\/zsp12.gliwice.pl\/sp15\/wp-json\/wp\/v2\/types\/post"}],"author":[{"embeddable":true,"href":"https:\/\/zsp12.gliwice.pl\/sp15\/wp-json\/wp\/v2\/users\/2"}],"replies":[{"embeddable":true,"href":"https:\/\/zsp12.gliwice.pl\/sp15\/wp-json\/wp\/v2\/comments?post=9582"}],"version-history":[{"count":1,"href":"https:\/\/zsp12.gliwice.pl\/sp15\/wp-json\/wp\/v2\/posts\/9582\/revisions"}],"predecessor-version":[{"id":9589,"href":"https:\/\/zsp12.gliwice.pl\/sp15\/wp-json\/wp\/v2\/posts\/9582\/revisions\/9589"}],"wp:featuredmedia":[{"embeddable":true,"href":"https:\/\/zsp12.gliwice.pl\/sp15\/wp-json\/wp\/v2\/media\/9588"}],"wp:attachment":[{"href":"https:\/\/zsp12.gliwice.pl\/sp15\/wp-json\/wp\/v2\/media?parent=9582"}],"wp:term":[{"taxonomy":"category","embeddable":true,"href":"https:\/\/zsp12.gliwice.pl\/sp15\/wp-json\/wp\/v2\/categories?post=9582"},{"taxonomy":"post_tag","embeddable":true,"href":"https:\/\/zsp12.gliwice.pl\/sp15\/wp-json\/wp\/v2\/tags?post=9582"}],"curies":[{"name":"wp","href":"https:\/\/api.w.org\/{rel}","templated":true}]}}