{"id":9484,"date":"2021-09-24T18:52:35","date_gmt":"2021-09-24T16:52:35","guid":{"rendered":"http:\/\/zsp12.gliwice.pl\/sp15\/?p=9484"},"modified":"2021-10-04T19:27:56","modified_gmt":"2021-10-04T17:27:56","slug":"powitanie-uczniow-klas-pierwszych-na-zajeciach-jezyka-mniejszosci-niemieckiej","status":"publish","type":"post","link":"https:\/\/zsp12.gliwice.pl\/sp15\/blog\/2021\/09\/24\/powitanie-uczniow-klas-pierwszych-na-zajeciach-jezyka-mniejszosci-niemieckiej\/","title":{"rendered":"Powitanie uczni\u00f3w klas pierwszych na zaj\u0119ciach j\u0119zyka mniejszo\u015bci niemieckiej"},"content":{"rendered":"<p><em>20 wrze\u015bnia oficjalnie rozpocz\u0119\u0142a si\u0119 w naszej szkole nauka j\u0119zyk\u00f3w mniejszo\u015bci. Na j\u0119zyku mniejszo\u015bci niemieckiej powitali\u015bmy w tym roku szkolnym 41 uczni\u00f3w klas pierwszych. W pierwszym tygodniu nauki uczniowie dowiedzieli si\u0119, \u017ce zwyczaj obdarowywania dzieci tytami wype\u0142nionymi s\u0142odko\u015bciami &#8220;przyw\u0119drowa\u0142&#8221; do Polski w\u0142a\u015bnie z Niemiec. Ro\u017ck\u00f3w obfito\u015bci nie mog\u0142o zatem zabrakn\u0105\u0107 r\u00f3wnie\u017c na lekcji j\u0119zyka niemieckiego. Pani Sylwia i Pani Magda przygotowa\u0142y dla swoich uczni\u00f3w symboliczne, ma\u0142e tyty z cukierkami \u017cycz\u0105c wszystkim, aby nauka j\u0119zyka niemieckiego sta\u0142a si\u0119 weso\u0142\u0105 i niezapomnian\u0105 przygod\u0105. Ka\u017cdy uczestnik zaj\u0119\u0107 by\u0142 uroczy\u015bcie pasowany niemieck\u0105 flag\u0105 oraz otrzyma\u0142 odznak\u0119 super ucznia \ud83d\ude42<\/em><\/p>\n<p style=\"text-align: right\"><em>Sylwia Boryczka, Magdalena Pr\u0105tnicka<\/em><\/p>\nngg_shortcode_0_placeholder\n","protected":false},"excerpt":{"rendered":"<p>20 wrze\u015bnia oficjalnie rozpocz\u0119\u0142a si\u0119 w naszej szkole nauka j\u0119zyk\u00f3w mniejszo\u015bci. Na j\u0119zyku mniejszo\u015bci niemieckiej powitali\u015bmy w tym roku szkolnym 41 uczni\u00f3w klas pierwszych. W pierwszym tygodniu nauki uczniowie dowiedzieli&#8230;<\/p>\n","protected":false},"author":2,"featured_media":9599,"comment_status":"open","ping_status":"open","sticky":false,"template":"","format":"standard","meta":{"inline_featured_image":false,"ngg_post_thumbnail":0,"footnotes":""},"categories":[29,17],"tags":[],"class_list":["post-9484","post","type-post","status-publish","format-standard","has-post-thumbnail","hentry","category-aktualnosci","category-informacje"],"_links":{"self":[{"href":"https:\/\/zsp12.gliwice.pl\/sp15\/wp-json\/wp\/v2\/posts\/9484"}],"collection":[{"href":"https:\/\/zsp12.gliwice.pl\/sp15\/wp-json\/wp\/v2\/posts"}],"about":[{"href":"https:\/\/zsp12.gliwice.pl\/sp15\/wp-json\/wp\/v2\/types\/post"}],"author":[{"embeddable":true,"href":"https:\/\/zsp12.gliwice.pl\/sp15\/wp-json\/wp\/v2\/users\/2"}],"replies":[{"embeddable":true,"href":"https:\/\/zsp12.gliwice.pl\/sp15\/wp-json\/wp\/v2\/comments?post=9484"}],"version-history":[{"count":1,"href":"https:\/\/zsp12.gliwice.pl\/sp15\/wp-json\/wp\/v2\/posts\/9484\/revisions"}],"predecessor-version":[{"id":9600,"href":"https:\/\/zsp12.gliwice.pl\/sp15\/wp-json\/wp\/v2\/posts\/9484\/revisions\/9600"}],"wp:featuredmedia":[{"embeddable":true,"href":"https:\/\/zsp12.gliwice.pl\/sp15\/wp-json\/wp\/v2\/media\/9599"}],"wp:attachment":[{"href":"https:\/\/zsp12.gliwice.pl\/sp15\/wp-json\/wp\/v2\/media?parent=9484"}],"wp:term":[{"taxonomy":"category","embeddable":true,"href":"https:\/\/zsp12.gliwice.pl\/sp15\/wp-json\/wp\/v2\/categories?post=9484"},{"taxonomy":"post_tag","embeddable":true,"href":"https:\/\/zsp12.gliwice.pl\/sp15\/wp-json\/wp\/v2\/tags?post=9484"}],"curies":[{"name":"wp","href":"https:\/\/api.w.org\/{rel}","templated":true}]}}