{"id":9462,"date":"2021-10-04T18:47:08","date_gmt":"2021-10-04T16:47:08","guid":{"rendered":"http:\/\/zsp12.gliwice.pl\/sp15\/?p=9462"},"modified":"2021-10-04T18:47:16","modified_gmt":"2021-10-04T16:47:16","slug":"wojewodzki-konkurs-z-jezyka-niemieckiego-ach-te-wakacje","status":"publish","type":"post","link":"https:\/\/zsp12.gliwice.pl\/sp15\/blog\/2021\/10\/04\/wojewodzki-konkurs-z-jezyka-niemieckiego-ach-te-wakacje\/","title":{"rendered":"Wojew\u00f3dzki Konkurs Z J\u0119zyka Niemieckiego &#8220;Ach te wakacje \u2026&#8221;"},"content":{"rendered":"<p><em>Chocia\u017c od zako\u0144czenia wakacji min\u0119\u0142o ju\u017c troch\u0119 czasu uczniowie j\u0119zyka niemieckiego mieli okazj\u0119 zachowa\u0107 swoje wakacyjne wspomnienia na d\u0142u\u017cej. Uczestnicy konkursu j\u0119zykowo &#8211; artystycznego organizowanego przez Polskie Stowarzyszenie Nauczycieli J\u0119zyka Niemieckiego przygotowali pi\u0119kne prace o swoich wakacjach. Zadaniem uczni\u00f3w by\u0142o stworzenie kola\u017cu z wakacyjnych zdj\u0119\u0107 i opisanie ich w j\u0119zyku niemieckim. Uczestnicy konkursu poradzili sobie z tym zadaniem nie tylko plastycznie, ale r\u00f3wnie\u017c j\u0119zykowo. Chocia\u017c wyb\u00f3r nie nale\u017ca\u0142 do naj\u0142atwiejszych jury wybra\u0142o zwyci\u0119zc\u00f3w etapu szkolnego:<\/em><\/p>\n<ol>\n<li><em>Maja K. kl. 4a<\/em><\/li>\n<li><em>Jakub P. kl. 4b<\/em><\/li>\n<li><em>Ma\u0142gorzata P. kl. 2b<\/em><\/li>\n<\/ol>\n<p><em>Wyr\u00f3\u017cnienie: Zofia W. kl. 3b oraz Anastasiia B. kl. 4b<\/em><\/p>\n<p><em>W pi\u0105tek, 1 pa\u017adziernika odby\u0142o si\u0119 uroczyste wr\u0119czenie dyplom\u00f3w, medali oraz nagr\u00f3d. Zdj\u0119cia zwyci\u0119skich prac zosta\u0142y wys\u0142ane organizatorom konkursu. Trzymamy kciuki za uczni\u00f3w naszej szko\u0142y w etapie wojew\u00f3dzkim.<\/em><\/p>\n<p><em>Dzi\u0119kujemy&nbsp; i gratulujemy wszystkim uczestnikom konkursu za zaanga\u017cowanie i wykonanie pi\u0119knych plakat\u00f3w.<\/em><\/p>\n<p style=\"text-align: right\"><em>Sylwia Boryczka, Magdalena Pr\u0105tnicka<\/em><\/p>\nngg_shortcode_0_placeholder\n","protected":false},"excerpt":{"rendered":"<p>Chocia\u017c od zako\u0144czenia wakacji min\u0119\u0142o ju\u017c troch\u0119 czasu uczniowie j\u0119zyka niemieckiego mieli okazj\u0119 zachowa\u0107 swoje wakacyjne wspomnienia na d\u0142u\u017cej. Uczestnicy konkursu j\u0119zykowo &#8211; artystycznego organizowanego przez Polskie Stowarzyszenie Nauczycieli J\u0119zyka&#8230;<\/p>\n","protected":false},"author":2,"featured_media":9481,"comment_status":"open","ping_status":"open","sticky":false,"template":"","format":"standard","meta":{"inline_featured_image":false,"ngg_post_thumbnail":0,"footnotes":""},"categories":[29],"tags":[],"class_list":["post-9462","post","type-post","status-publish","format-standard","has-post-thumbnail","hentry","category-aktualnosci"],"_links":{"self":[{"href":"https:\/\/zsp12.gliwice.pl\/sp15\/wp-json\/wp\/v2\/posts\/9462"}],"collection":[{"href":"https:\/\/zsp12.gliwice.pl\/sp15\/wp-json\/wp\/v2\/posts"}],"about":[{"href":"https:\/\/zsp12.gliwice.pl\/sp15\/wp-json\/wp\/v2\/types\/post"}],"author":[{"embeddable":true,"href":"https:\/\/zsp12.gliwice.pl\/sp15\/wp-json\/wp\/v2\/users\/2"}],"replies":[{"embeddable":true,"href":"https:\/\/zsp12.gliwice.pl\/sp15\/wp-json\/wp\/v2\/comments?post=9462"}],"version-history":[{"count":1,"href":"https:\/\/zsp12.gliwice.pl\/sp15\/wp-json\/wp\/v2\/posts\/9462\/revisions"}],"predecessor-version":[{"id":9482,"href":"https:\/\/zsp12.gliwice.pl\/sp15\/wp-json\/wp\/v2\/posts\/9462\/revisions\/9482"}],"wp:featuredmedia":[{"embeddable":true,"href":"https:\/\/zsp12.gliwice.pl\/sp15\/wp-json\/wp\/v2\/media\/9481"}],"wp:attachment":[{"href":"https:\/\/zsp12.gliwice.pl\/sp15\/wp-json\/wp\/v2\/media?parent=9462"}],"wp:term":[{"taxonomy":"category","embeddable":true,"href":"https:\/\/zsp12.gliwice.pl\/sp15\/wp-json\/wp\/v2\/categories?post=9462"},{"taxonomy":"post_tag","embeddable":true,"href":"https:\/\/zsp12.gliwice.pl\/sp15\/wp-json\/wp\/v2\/tags?post=9462"}],"curies":[{"name":"wp","href":"https:\/\/api.w.org\/{rel}","templated":true}]}}