{"id":9444,"date":"2021-10-04T18:42:22","date_gmt":"2021-10-04T16:42:22","guid":{"rendered":"http:\/\/zsp12.gliwice.pl\/sp15\/?p=9444"},"modified":"2021-10-04T18:42:58","modified_gmt":"2021-10-04T16:42:58","slug":"europejski-dzien-jezykow-rozdanie-nagrod","status":"publish","type":"post","link":"https:\/\/zsp12.gliwice.pl\/sp15\/blog\/2021\/10\/04\/europejski-dzien-jezykow-rozdanie-nagrod\/","title":{"rendered":"Europejski Dzie\u0144 J\u0119zyk\u00f3w &#8211; rozdanie nagr\u00f3d"},"content":{"rendered":"<p><em>1 pa\u017adziernika zako\u0144czyli\u015bmy obchody Europejskiego Dnia J\u0119zyk\u00f3w Obcych. Tego dnia zosta\u0142y og\u0142oszone wyniki szkolnych konkurs\u00f3w j\u0119zykowo &#8211; plastycznych zorganizowanych z okazji Europejskiego Dnia J\u0119zyk\u00f3w.<\/em><\/p>\n<p><em>Klasy I \u2013 III Konkurs \u201eTutaj chcia\u0142bym mieszka\u0107\u201d:<\/em><\/p>\n<ol>\n<li><em>miejsce \u2013 Zofia M. klasa 2a<\/em><\/li>\n<li><em>miejsce \u2013 Milena F. klasa 2a<\/em><\/li>\n<li><em>miejsce \u2013 Pawe\u0142 J. klasa 2c, Marta \u0141. klasa 3c<\/em><\/li>\n<\/ol>\n<p><em>Klasy IV \u2013 VIII Konkurs \u201eZnana osobisto\u015b\u0107 z wybranego kraju\u201d:<\/em><\/p>\n<ol>\n<li><em>miejsce \u2013 Antonina K. klasa 5a<\/em><\/li>\n<li><em>miejsce \u2013 Jakub P. klasa 5a<\/em><\/li>\n<li><em>miejsce \u2013 Anastasiia B. klasa 4b, Micha\u0142 J. klasa 5a<\/em><\/li>\n<\/ol>\n<p><em>wyr\u00f3\u017cnienie -Hanna S. klasa 4a, Maja K. klasa 4a<\/em><\/p>\n<p style=\"text-align: center\"><strong><em>GRATULUJEMY!<\/em><\/strong><\/p>\n<p><em>S\u0142odkim upominkiem zostali nagrodzeni r\u00f3wnie\u017c uczniowie klasy 4b, kt\u00f3rzy podczas Dnia J\u0119zyk\u00f3w zdobyli tytu\u0142 najbardziej europejskiej klasy w ZSP 12.<\/em><\/p>\n<p><em>Dzi\u0119kujemy wszystkim uczniom za udzia\u0142 w konkursach i wsp\u00f3ln\u0105 zabaw\u0119.<\/em><\/p>\n<p style=\"text-align: right\"><em>Zesp\u00f3\u0142 nauczycieli j\u0119zyk\u00f3w obcych<\/em><\/p>\nngg_shortcode_0_placeholder\n","protected":false},"excerpt":{"rendered":"<p>1 pa\u017adziernika zako\u0144czyli\u015bmy obchody Europejskiego Dnia J\u0119zyk\u00f3w Obcych. Tego dnia zosta\u0142y og\u0142oszone wyniki szkolnych konkurs\u00f3w j\u0119zykowo &#8211; plastycznych zorganizowanych z okazji Europejskiego Dnia J\u0119zyk\u00f3w. Klasy I \u2013 III Konkurs \u201eTutaj&#8230;<\/p>\n","protected":false},"author":2,"featured_media":9459,"comment_status":"open","ping_status":"open","sticky":false,"template":"","format":"standard","meta":{"inline_featured_image":false,"ngg_post_thumbnail":0,"footnotes":""},"categories":[29],"tags":[],"class_list":["post-9444","post","type-post","status-publish","format-standard","has-post-thumbnail","hentry","category-aktualnosci"],"_links":{"self":[{"href":"https:\/\/zsp12.gliwice.pl\/sp15\/wp-json\/wp\/v2\/posts\/9444"}],"collection":[{"href":"https:\/\/zsp12.gliwice.pl\/sp15\/wp-json\/wp\/v2\/posts"}],"about":[{"href":"https:\/\/zsp12.gliwice.pl\/sp15\/wp-json\/wp\/v2\/types\/post"}],"author":[{"embeddable":true,"href":"https:\/\/zsp12.gliwice.pl\/sp15\/wp-json\/wp\/v2\/users\/2"}],"replies":[{"embeddable":true,"href":"https:\/\/zsp12.gliwice.pl\/sp15\/wp-json\/wp\/v2\/comments?post=9444"}],"version-history":[{"count":1,"href":"https:\/\/zsp12.gliwice.pl\/sp15\/wp-json\/wp\/v2\/posts\/9444\/revisions"}],"predecessor-version":[{"id":9460,"href":"https:\/\/zsp12.gliwice.pl\/sp15\/wp-json\/wp\/v2\/posts\/9444\/revisions\/9460"}],"wp:featuredmedia":[{"embeddable":true,"href":"https:\/\/zsp12.gliwice.pl\/sp15\/wp-json\/wp\/v2\/media\/9459"}],"wp:attachment":[{"href":"https:\/\/zsp12.gliwice.pl\/sp15\/wp-json\/wp\/v2\/media?parent=9444"}],"wp:term":[{"taxonomy":"category","embeddable":true,"href":"https:\/\/zsp12.gliwice.pl\/sp15\/wp-json\/wp\/v2\/categories?post=9444"},{"taxonomy":"post_tag","embeddable":true,"href":"https:\/\/zsp12.gliwice.pl\/sp15\/wp-json\/wp\/v2\/tags?post=9444"}],"curies":[{"name":"wp","href":"https:\/\/api.w.org\/{rel}","templated":true}]}}