{"id":9431,"date":"2021-10-04T18:31:48","date_gmt":"2021-10-04T16:31:48","guid":{"rendered":"http:\/\/zsp12.gliwice.pl\/sp15\/?p=9431"},"modified":"2021-10-04T18:32:58","modified_gmt":"2021-10-04T16:32:58","slug":"13-grudnia-1981-pamietamy","status":"publish","type":"post","link":"https:\/\/zsp12.gliwice.pl\/sp15\/blog\/2021\/10\/04\/13-grudnia-1981-pamietamy\/","title":{"rendered":"13 GRUDNIA 1981 \u2013 PAMI\u0118TAMY!"},"content":{"rendered":"<p>W<em> tym roku, 13 grudnia, przypada 40 rocznica wprowadzenia w Polsce stanu wojennego. Chcemy, aby uczniowie naszej szko\u0142y \u015bwiadomie prze\u017cywali to wydarzenie, dlatego nasza szko\u0142a przyst\u0105pi\u0142a do projektu <strong>GDY GA\u015aNIE PAMI\u0118\u0106 LUDZKA, DALEJ M\u00d3WI\u0104 KAMIENIE \u2013 13 GRUDNIA 1981 \u2013 PAMI\u0118TAMY!<\/strong><\/em><\/p>\n<p><em>Z projektem zwi\u0105zane s\u0105 r\u00f3\u017cne aktywno\u015bci dotycz\u0105ce uczni\u00f3w i nauczycieli, o kt\u00f3rych b\u0119dziemy informowali na bie\u017c\u0105co.<\/em><\/p>\n<p><em>Wi\u0119cej informacji o projekcie na stronie <a href=\"http:\/\/www.pamiec81.pl\">www.pamiec81.pl<\/a><\/em><\/p>\n<p style=\"text-align: right\"><em>Zygmunt Pi\u00f3rkowski<\/em><\/p>\n<p><img loading=\"lazy\" decoding=\"async\" class=\"size-full wp-image-9432 aligncenter\" src=\"http:\/\/zsp12.gliwice.pl\/sp15\/wp-content\/uploads\/sites\/11\/2021\/10\/PAMIEC81-PNG.png\" alt=\"\" width=\"1104\" height=\"486\" srcset=\"https:\/\/zsp12.gliwice.pl\/sp15\/wp-content\/uploads\/sites\/11\/2021\/10\/PAMIEC81-PNG.png 1104w, https:\/\/zsp12.gliwice.pl\/sp15\/wp-content\/uploads\/sites\/11\/2021\/10\/PAMIEC81-PNG-300x132.png 300w, https:\/\/zsp12.gliwice.pl\/sp15\/wp-content\/uploads\/sites\/11\/2021\/10\/PAMIEC81-PNG-768x338.png 768w, https:\/\/zsp12.gliwice.pl\/sp15\/wp-content\/uploads\/sites\/11\/2021\/10\/PAMIEC81-PNG-1024x451.png 1024w, https:\/\/zsp12.gliwice.pl\/sp15\/wp-content\/uploads\/sites\/11\/2021\/10\/PAMIEC81-PNG-24x11.png 24w, https:\/\/zsp12.gliwice.pl\/sp15\/wp-content\/uploads\/sites\/11\/2021\/10\/PAMIEC81-PNG-36x16.png 36w, https:\/\/zsp12.gliwice.pl\/sp15\/wp-content\/uploads\/sites\/11\/2021\/10\/PAMIEC81-PNG-48x21.png 48w\" sizes=\"(max-width: 1104px) 100vw, 1104px\" \/><\/p>\n","protected":false},"excerpt":{"rendered":"<p>W tym roku, 13 grudnia, przypada 40 rocznica wprowadzenia w Polsce stanu wojennego. Chcemy, aby uczniowie naszej szko\u0142y \u015bwiadomie prze\u017cywali to wydarzenie, dlatego nasza szko\u0142a przyst\u0105pi\u0142a do projektu GDY GA\u015aNIE&#8230;<\/p>\n","protected":false},"author":2,"featured_media":9432,"comment_status":"open","ping_status":"open","sticky":false,"template":"","format":"standard","meta":{"inline_featured_image":false,"ngg_post_thumbnail":0,"footnotes":""},"categories":[29],"tags":[],"class_list":["post-9431","post","type-post","status-publish","format-standard","has-post-thumbnail","hentry","category-aktualnosci"],"_links":{"self":[{"href":"https:\/\/zsp12.gliwice.pl\/sp15\/wp-json\/wp\/v2\/posts\/9431"}],"collection":[{"href":"https:\/\/zsp12.gliwice.pl\/sp15\/wp-json\/wp\/v2\/posts"}],"about":[{"href":"https:\/\/zsp12.gliwice.pl\/sp15\/wp-json\/wp\/v2\/types\/post"}],"author":[{"embeddable":true,"href":"https:\/\/zsp12.gliwice.pl\/sp15\/wp-json\/wp\/v2\/users\/2"}],"replies":[{"embeddable":true,"href":"https:\/\/zsp12.gliwice.pl\/sp15\/wp-json\/wp\/v2\/comments?post=9431"}],"version-history":[{"count":2,"href":"https:\/\/zsp12.gliwice.pl\/sp15\/wp-json\/wp\/v2\/posts\/9431\/revisions"}],"predecessor-version":[{"id":9436,"href":"https:\/\/zsp12.gliwice.pl\/sp15\/wp-json\/wp\/v2\/posts\/9431\/revisions\/9436"}],"wp:featuredmedia":[{"embeddable":true,"href":"https:\/\/zsp12.gliwice.pl\/sp15\/wp-json\/wp\/v2\/media\/9432"}],"wp:attachment":[{"href":"https:\/\/zsp12.gliwice.pl\/sp15\/wp-json\/wp\/v2\/media?parent=9431"}],"wp:term":[{"taxonomy":"category","embeddable":true,"href":"https:\/\/zsp12.gliwice.pl\/sp15\/wp-json\/wp\/v2\/categories?post=9431"},{"taxonomy":"post_tag","embeddable":true,"href":"https:\/\/zsp12.gliwice.pl\/sp15\/wp-json\/wp\/v2\/tags?post=9431"}],"curies":[{"name":"wp","href":"https:\/\/api.w.org\/{rel}","templated":true}]}}