{"id":9404,"date":"2021-09-29T18:48:31","date_gmt":"2021-09-29T16:48:31","guid":{"rendered":"http:\/\/zsp12.gliwice.pl\/sp15\/?p=9404"},"modified":"2021-09-29T21:37:07","modified_gmt":"2021-09-29T19:37:07","slug":"46-memorial-zenona-seka","status":"publish","type":"post","link":"https:\/\/zsp12.gliwice.pl\/sp15\/blog\/2021\/09\/29\/46-memorial-zenona-seka\/","title":{"rendered":"46 Memoria\u0142 Zenona S\u0119ka"},"content":{"rendered":"<p><em>22 wrze\u015bnia 2021r. odby\u0142y si\u0119 Otwarte Mistrzostwa Gliwic Szk\u00f3\u0142 Podstawowych w lekkiej atletyce, kt\u00f3rych organizatorem by\u0142 gliwicki klub sportowy \u201ePiast\u201d.<br \/>\n<\/em><em>Po raz kolejny w imprezie tej,&nbsp; popularyzuj\u0105cej&nbsp; \u201eKr\u00f3low\u0105 sportu\u201d oraz propaguj\u0105cej zdrowy i aktywny tryb \u017cycia w\u015br\u00f3d dzieci i m\u0142odzie\u017cy, wzi\u0119\u0142a udzia\u0142 r\u00f3wnie\u017c reprezentacja naszej szko\u0142y.<br \/>\n<\/em><strong><em>Piotr B. z kl. 8 zaj\u0105\u0142 II&nbsp;?miejsce w skoku wzwy\u017c.<\/em><\/strong><\/p>\n<p><em>Pozostali reprezentanci naszej szko\u0142y:<br \/>\n<\/em><em>\u2714Bartosz W. z kl. 8 &#8211; skok w dal<br \/>\n<\/em><em>\u2714Natalia R. z kl. 7 &#8211; bieg na 300m<br \/>\n<\/em><em>\u2714Julia R. z kl. 7 &#8211; skok w dal<br \/>\n<\/em><em>\u2714Mariusz S. z kl. 6 &#8211; bieg na 600m<br \/>\n<\/em><em>\u2714Jakub K. z kl. 5 &#8211; bieg na 600m<br \/>\n<\/em><em>\u2714Jakub P. z kl. 5 &#8211; bieg na 200m<br \/>\n<\/em><em>\u2714Bohdan K. z kl. 5 &#8211; skok w dal<br \/>\n<\/em><em>\u2714Mateusz S. z kl. 5 &#8211; bieg na 600m<br \/>\n<\/em><em>\u2714Nina N. z kl. 5 &#8211; bieg na 200m<br \/>\n<\/em><em>\u2714Igor B. z kl. 5 &#8211; skok w dal<br \/>\n<\/em><em>\u2714Oliwier B. z kl. 5 &#8211; bieg na 60m<br \/>\n<\/em><em>\u2714Zofia K. z kl. 5 &#8211; skok w dal<br \/>\n<\/em><em>\u2714Jakub B. z kl. 4 &#8211; bieg na 200m<\/em><\/p>\n<p><em>Wszystkim zawodnikom serdecznie gratulujemy i \u017cyczymy dalszych sukces\u00f3w&nbsp;?<\/em><\/p>\n<p style=\"text-align: right\"><em>Joanna Kope\u0107<\/em><\/p>\n<p>&nbsp;<\/p>\n<div style=\"width: 640px;\" class=\"wp-video\"><!--[if lt IE 9]><script>document.createElement('video');<\/script><![endif]-->\n<video class=\"wp-video-shortcode\" id=\"video-9404-1\" width=\"640\" height=\"360\" preload=\"metadata\" controls=\"controls\"><source type=\"video\/mp4\" src=\"http:\/\/zsp12.gliwice.pl\/sp15\/wp-content\/uploads\/sites\/11\/2021\/09\/VID_20210922_124534.mp4?_=1\" \/><a href=\"http:\/\/zsp12.gliwice.pl\/sp15\/wp-content\/uploads\/sites\/11\/2021\/09\/VID_20210922_124534.mp4\">http:\/\/zsp12.gliwice.pl\/sp15\/wp-content\/uploads\/sites\/11\/2021\/09\/VID_20210922_124534.mp4<\/a><\/video><\/div>\nngg_shortcode_0_placeholder\n","protected":false},"excerpt":{"rendered":"<p>22 wrze\u015bnia 2021r. odby\u0142y si\u0119 Otwarte Mistrzostwa Gliwic Szk\u00f3\u0142 Podstawowych w lekkiej atletyce, kt\u00f3rych organizatorem by\u0142 gliwicki klub sportowy \u201ePiast\u201d. Po raz kolejny w imprezie tej,&nbsp; popularyzuj\u0105cej&nbsp; \u201eKr\u00f3low\u0105 sportu\u201d oraz&#8230;<\/p>\n","protected":false},"author":2,"featured_media":9420,"comment_status":"open","ping_status":"open","sticky":false,"template":"","format":"standard","meta":{"inline_featured_image":false,"ngg_post_thumbnail":0,"footnotes":""},"categories":[29],"tags":[],"class_list":["post-9404","post","type-post","status-publish","format-standard","has-post-thumbnail","hentry","category-aktualnosci"],"_links":{"self":[{"href":"https:\/\/zsp12.gliwice.pl\/sp15\/wp-json\/wp\/v2\/posts\/9404"}],"collection":[{"href":"https:\/\/zsp12.gliwice.pl\/sp15\/wp-json\/wp\/v2\/posts"}],"about":[{"href":"https:\/\/zsp12.gliwice.pl\/sp15\/wp-json\/wp\/v2\/types\/post"}],"author":[{"embeddable":true,"href":"https:\/\/zsp12.gliwice.pl\/sp15\/wp-json\/wp\/v2\/users\/2"}],"replies":[{"embeddable":true,"href":"https:\/\/zsp12.gliwice.pl\/sp15\/wp-json\/wp\/v2\/comments?post=9404"}],"version-history":[{"count":3,"href":"https:\/\/zsp12.gliwice.pl\/sp15\/wp-json\/wp\/v2\/posts\/9404\/revisions"}],"predecessor-version":[{"id":9427,"href":"https:\/\/zsp12.gliwice.pl\/sp15\/wp-json\/wp\/v2\/posts\/9404\/revisions\/9427"}],"wp:featuredmedia":[{"embeddable":true,"href":"https:\/\/zsp12.gliwice.pl\/sp15\/wp-json\/wp\/v2\/media\/9420"}],"wp:attachment":[{"href":"https:\/\/zsp12.gliwice.pl\/sp15\/wp-json\/wp\/v2\/media?parent=9404"}],"wp:term":[{"taxonomy":"category","embeddable":true,"href":"https:\/\/zsp12.gliwice.pl\/sp15\/wp-json\/wp\/v2\/categories?post=9404"},{"taxonomy":"post_tag","embeddable":true,"href":"https:\/\/zsp12.gliwice.pl\/sp15\/wp-json\/wp\/v2\/tags?post=9404"}],"curies":[{"name":"wp","href":"https:\/\/api.w.org\/{rel}","templated":true}]}}