{"id":9390,"date":"2021-09-27T20:23:49","date_gmt":"2021-09-27T18:23:49","guid":{"rendered":"http:\/\/zsp12.gliwice.pl\/sp15\/?p=9390"},"modified":"2021-09-27T21:30:35","modified_gmt":"2021-09-27T19:30:35","slug":"plecaki-pierwszakow","status":"publish","type":"post","link":"https:\/\/zsp12.gliwice.pl\/sp15\/blog\/2021\/09\/27\/plecaki-pierwszakow\/","title":{"rendered":"Plecaki Pierwszak\u00f3w"},"content":{"rendered":"<p><em>Pierwszoklasi\u015bci, kt\u00f3rzy 23 wrze\u015bnia, tradycyjnie ju\u017c z okazji Pasowania na ucznia otrzymali plecaki \u2013 tornistry od Firmy Fluor S.A. z Gliwic recytowali dzi\u015b, \u017ce: \u201e Tornister jest nowiutki, ma r\u00f3\u017cne przegr\u00f3dki: na ksi\u0105\u017ck\u0119 i zak\u0142adk\u0119, na pi\u00f3rnik i kanapk\u0119 pude\u0142ko z kredkami na str\u00f3j gimnastyczny. Jest po prostu \u015bliczny\u201d. <span class=\"pq6dq46d tbxw36s4 knj5qynh kvgmc6g5 ditlmg2l oygrvhab nvdbi5me sf5mxxl7 gl3lb2sf hhz5lgdu\"><img loading=\"lazy\" decoding=\"async\" src=\"https:\/\/static.xx.fbcdn.net\/images\/emoji.php\/v9\/t57\/1\/16\/1f609.png\" alt=\"?\" width=\"16\" height=\"16\"><\/span> Dzi\u0119kujemy <span class=\"pq6dq46d tbxw36s4 knj5qynh kvgmc6g5 ditlmg2l oygrvhab nvdbi5me sf5mxxl7 gl3lb2sf hhz5lgdu\"><img loading=\"lazy\" decoding=\"async\" src=\"https:\/\/static.xx.fbcdn.net\/images\/emoji.php\/v9\/t57\/1\/16\/1f609.png\" alt=\"?\" width=\"16\" height=\"16\"><\/span><\/em><\/p>\n<p style=\"text-align: right\"><em>Barbara Kozak<\/em><\/p>\nngg_shortcode_0_placeholder\n","protected":false},"excerpt":{"rendered":"<p>Pierwszoklasi\u015bci, kt\u00f3rzy 23 wrze\u015bnia, tradycyjnie ju\u017c z okazji Pasowania na ucznia otrzymali plecaki \u2013 tornistry od Firmy Fluor S.A. z Gliwic recytowali dzi\u015b, \u017ce: \u201e Tornister jest nowiutki, ma r\u00f3\u017cne&#8230;<\/p>\n","protected":false},"author":2,"featured_media":9400,"comment_status":"open","ping_status":"open","sticky":false,"template":"","format":"standard","meta":{"inline_featured_image":false,"ngg_post_thumbnail":0,"footnotes":""},"categories":[29],"tags":[],"class_list":["post-9390","post","type-post","status-publish","format-standard","has-post-thumbnail","hentry","category-aktualnosci"],"_links":{"self":[{"href":"https:\/\/zsp12.gliwice.pl\/sp15\/wp-json\/wp\/v2\/posts\/9390"}],"collection":[{"href":"https:\/\/zsp12.gliwice.pl\/sp15\/wp-json\/wp\/v2\/posts"}],"about":[{"href":"https:\/\/zsp12.gliwice.pl\/sp15\/wp-json\/wp\/v2\/types\/post"}],"author":[{"embeddable":true,"href":"https:\/\/zsp12.gliwice.pl\/sp15\/wp-json\/wp\/v2\/users\/2"}],"replies":[{"embeddable":true,"href":"https:\/\/zsp12.gliwice.pl\/sp15\/wp-json\/wp\/v2\/comments?post=9390"}],"version-history":[{"count":1,"href":"https:\/\/zsp12.gliwice.pl\/sp15\/wp-json\/wp\/v2\/posts\/9390\/revisions"}],"predecessor-version":[{"id":9401,"href":"https:\/\/zsp12.gliwice.pl\/sp15\/wp-json\/wp\/v2\/posts\/9390\/revisions\/9401"}],"wp:featuredmedia":[{"embeddable":true,"href":"https:\/\/zsp12.gliwice.pl\/sp15\/wp-json\/wp\/v2\/media\/9400"}],"wp:attachment":[{"href":"https:\/\/zsp12.gliwice.pl\/sp15\/wp-json\/wp\/v2\/media?parent=9390"}],"wp:term":[{"taxonomy":"category","embeddable":true,"href":"https:\/\/zsp12.gliwice.pl\/sp15\/wp-json\/wp\/v2\/categories?post=9390"},{"taxonomy":"post_tag","embeddable":true,"href":"https:\/\/zsp12.gliwice.pl\/sp15\/wp-json\/wp\/v2\/tags?post=9390"}],"curies":[{"name":"wp","href":"https:\/\/api.w.org\/{rel}","templated":true}]}}