{"id":9356,"date":"2021-09-27T21:21:06","date_gmt":"2021-09-27T19:21:06","guid":{"rendered":"http:\/\/zsp12.gliwice.pl\/sp15\/?p=9356"},"modified":"2021-09-28T19:50:33","modified_gmt":"2021-09-28T17:50:33","slug":"europejski-dzien-jezykow-obcych-w-zsp-12","status":"publish","type":"post","link":"https:\/\/zsp12.gliwice.pl\/sp15\/blog\/2021\/09\/27\/europejski-dzien-jezykow-obcych-w-zsp-12\/","title":{"rendered":"Europejski Dzie\u0144 J\u0119zyk\u00f3w Obcych w ZSP 12"},"content":{"rendered":"<p><em>Tegoroczny Europejski Dzie\u0144 J\u0119zyk\u00f3w przeszed\u0142 ju\u017c do historii\u2026 W naszej szkole by\u0142 wyj\u0105tkowy pod wieloma wzgl\u0119dami.<\/em><\/p>\n<p><em>Wchodz\u0105c do szko\u0142y nie da\u0142o si\u0119 nie zauwa\u017cy\u0107, \u017ce to prawdziwe europejskie \u015bwi\u0119to. Szkolne korytarze ozdabia\u0142y girlandy, flagi oraz pozdrowienia w r\u00f3\u017cnych j\u0119zykach. Na ka\u017cdym pi\u0119trze mogli\u015bmy podziwia\u0107 galerie prac uczni\u00f3w, kt\u00f3rzy wzi\u0119li udzia\u0142 w szkolnych konkursach plastycznych. Powsta\u0142o wiele wspania\u0142ych plakat\u00f3w, kt\u00f3re zdobi\u0105c korytarze naszej szko\u0142y tworzy\u0142y pi\u0119kn\u0105 wystaw\u0119 prac promuj\u0105cych r\u00f3\u017cnorodno\u015b\u0107 j\u0119zykow\u0105 i kulturow\u0105 Europy.<\/em><\/p>\n<p><em>M\u0142odsi uczniowie wzi\u0119li udzia\u0142 w konkursie \u201eTutaj chcia\u0142bym mieszka\u0107\u201d i przygotowali wspania\u0142e i starannie wykonane prace przedstawiaj\u0105ce nazw\u0119, flag\u0119 oraz symbol wybranego pa\u0144stwa. Starsi uczniowie z kolei wzi\u0119li udzia\u0142 w konkursie \u201eZnana osobisto\u015b\u0107 z wybranego kraju\u201d. Niekt\u00f3rzy uczestnicy wykazali si\u0119 tutaj dobr\u0105 znajomo\u015bci\u0105 j\u0119zyk\u00f3w obcych przygotowuj\u0105c swoje prace w j\u0119zyku angielskim, czy niemieckim.<\/em><\/p>\n<p><em>27 wrze\u015bnia podczas obchod\u00f3w Europejskiego Dnia J\u0119zyk\u00f3w Obcych uczniowie poszczeg\u00f3lnych klas byli ubrani w kolorach flagi wylosowanego pa\u0144stwa, a na drzwiach sal lekcyjnych zosta\u0142y wywieszone przygotowane przez uczni\u00f3w plakaty w formie przewodnik\u00f3w o danym pa\u0144stwie. Wszystkie klasy podesz\u0142y do powierzonego im zadania z du\u017cym zaanga\u017cowaniem i pomys\u0142owo\u015bci\u0105, jednak najwi\u0119ksze wra\u017cenie wywar\u0142a na nas klasa 4b. Poza barwnymi i pi\u0119knymi strojami oraz wspaniale ozdobion\u0105 sal\u0105 uczniowie powitali nas babeczkami z chorwackimi flagami. Klasa uzyska\u0142a tytu\u0142 najbardziej europejskiej klasy w ZSP 12.<\/em><\/p>\n<p><em>Wsp\u00f3lnie z uczniami bawili si\u0119 te\u017c przedszkolaki. Dzieci r\u00f3wnie\u017c by\u0142y pi\u0119knie ubrane w barwne europejskie stroje oraz przygotowa\u0142y flagi.<\/em><\/p>\n<p><em>Mamy nadziej\u0119, \u017ce uczniowie nie tylko \u015bwietnie si\u0119 bawili, ale dowiedzieli si\u0119 wielu ciekawych informacji na temat naszej Europy.<\/em><\/p>\n<p><em>Dzi\u0119kujemy wszystkim uczniom, wychowawcom, nauczycielom i rodzicom za zaanga\u017cowanie i wsp\u00f3ln\u0105 zabaw\u0119. Kolejny Dzie\u0144 J\u0119zyk\u00f3w ju\u017c za rok \u2026<\/em><\/p>\n<p style=\"text-align: right\"><em>Zesp\u00f3\u0142 nauczycieli j\u0119zyk\u00f3w obcych<\/em><\/p>\nngg_shortcode_0_placeholder\n","protected":false},"excerpt":{"rendered":"<p>Tegoroczny Europejski Dzie\u0144 J\u0119zyk\u00f3w przeszed\u0142 ju\u017c do historii\u2026 W naszej szkole by\u0142 wyj\u0105tkowy pod wieloma wzgl\u0119dami. Wchodz\u0105c do szko\u0142y nie da\u0142o si\u0119 nie zauwa\u017cy\u0107, \u017ce to prawdziwe europejskie \u015bwi\u0119to. Szkolne&#8230;<\/p>\n","protected":false},"author":2,"featured_media":9387,"comment_status":"open","ping_status":"open","sticky":false,"template":"","format":"standard","meta":{"inline_featured_image":false,"ngg_post_thumbnail":0,"footnotes":""},"categories":[29],"tags":[],"class_list":["post-9356","post","type-post","status-publish","format-standard","has-post-thumbnail","hentry","category-aktualnosci"],"_links":{"self":[{"href":"https:\/\/zsp12.gliwice.pl\/sp15\/wp-json\/wp\/v2\/posts\/9356"}],"collection":[{"href":"https:\/\/zsp12.gliwice.pl\/sp15\/wp-json\/wp\/v2\/posts"}],"about":[{"href":"https:\/\/zsp12.gliwice.pl\/sp15\/wp-json\/wp\/v2\/types\/post"}],"author":[{"embeddable":true,"href":"https:\/\/zsp12.gliwice.pl\/sp15\/wp-json\/wp\/v2\/users\/2"}],"replies":[{"embeddable":true,"href":"https:\/\/zsp12.gliwice.pl\/sp15\/wp-json\/wp\/v2\/comments?post=9356"}],"version-history":[{"count":1,"href":"https:\/\/zsp12.gliwice.pl\/sp15\/wp-json\/wp\/v2\/posts\/9356\/revisions"}],"predecessor-version":[{"id":9388,"href":"https:\/\/zsp12.gliwice.pl\/sp15\/wp-json\/wp\/v2\/posts\/9356\/revisions\/9388"}],"wp:featuredmedia":[{"embeddable":true,"href":"https:\/\/zsp12.gliwice.pl\/sp15\/wp-json\/wp\/v2\/media\/9387"}],"wp:attachment":[{"href":"https:\/\/zsp12.gliwice.pl\/sp15\/wp-json\/wp\/v2\/media?parent=9356"}],"wp:term":[{"taxonomy":"category","embeddable":true,"href":"https:\/\/zsp12.gliwice.pl\/sp15\/wp-json\/wp\/v2\/categories?post=9356"},{"taxonomy":"post_tag","embeddable":true,"href":"https:\/\/zsp12.gliwice.pl\/sp15\/wp-json\/wp\/v2\/tags?post=9356"}],"curies":[{"name":"wp","href":"https:\/\/api.w.org\/{rel}","templated":true}]}}