{"id":9215,"date":"2021-09-27T18:24:54","date_gmt":"2021-09-27T16:24:54","guid":{"rendered":"http:\/\/zsp12.gliwice.pl\/sp15\/?p=9215"},"modified":"2021-11-03T10:38:11","modified_gmt":"2021-11-03T09:38:11","slug":"wycieczka-do-pokazowej-zagrody-zubrow-w-pszczynie","status":"publish","type":"post","link":"https:\/\/zsp12.gliwice.pl\/sp15\/blog\/2021\/09\/27\/wycieczka-do-pokazowej-zagrody-zubrow-w-pszczynie\/","title":{"rendered":"Wycieczka do Pokazowej Zagrody \u017bubr\u00f3w w Pszczynie"},"content":{"rendered":"<p style=\"text-align: center\"><em><strong>\u015awietlica integracyjna dla dzieci romskich i polskich \u201ePod lipami\u201d<\/strong><\/em><\/p>\n<p style=\"text-align: center\"><em><strong>Wycieczka do Pokazowej Zagrody \u017bubr\u00f3w w Pszczynie.<\/strong><\/em><\/p>\n<p><em>W sobot\u0119 18 wrze\u015bnia 2021 o godzinie 7:40 rozpocz\u0119li\u015bmy podr\u00f3\u017c do Pszczyny, aby m\u00f3c pozna\u0107 tajemnice \u017cycia \u017cubr\u00f3w i innych zwierz\u0105t.<\/em><\/p>\n<p><em>Sp\u0119dzili\u015bmy mn\u00f3stwo czasu w\u015br\u00f3d zwierz\u0105t. Wielu z nas nie spotka\u0142o si\u0119 jeszcze tak blisko z \u017cywymi zwierz\u0119tami i by\u0142o to dla nas wielkie prze\u017cycie, kt\u00f3re sprawi\u0142o nam ogromn\u0105 rado\u015b\u0107. Zobaczyli\u015bmy: pawie, kuropatwy, lisy, osio\u0142ki, barany, jelenie, kozy, g\u0119si i wsp\u00f3lnie dwukrotnie karmili\u015bmy ma\u0142e, du\u017ce i ogromne \u017cubry. &nbsp;Wiele \u015bmiechu i rado\u015bci sprawi\u0142a nam pogo\u0144 g\u0142odnego pawia za jedn\u0105 z kole\u017canek, kt\u00f3ra jad\u0142a bu\u0142k\u0119. Nie by\u0142o jej dane zje\u015b\u0107 samotnie pysznej bu\u0142eczki, musia\u0142a podzieli\u0107 si\u0119 z pawiem.<\/em><\/p>\n<p><em>Po ostatnim karmieniu udali\u015bmy si\u0119 na zwiedzanie pszczy\u0144skiego rynku i na pyszny obiad.<\/em><\/p>\n<p><em>Po obiedzie zadowoleni i szcz\u0119\u015bliwi udali\u015bmy si\u0119 w drog\u0119 powrotn\u0105 do domu.<\/em><\/p>\n<p><em>Czekamy ju\u017c na nast\u0119pn\u0105 wycieczk\u0119\u2026\u2026<\/em><\/p>\n<p><em>W wycieczce wzi\u0119li\u015bmy udzia\u0142 dzi\u0119ki dotacji w ramach Programu integracji spo\u0142ecznej i obywatelskiej Rom\u00f3w na lata 2021 \u2013 2030.<\/em><\/p>\n<p style=\"text-align: right\"><em>Magdalena Kwiatkowska<\/em><\/p>\nngg_shortcode_0_placeholder\n","protected":false},"excerpt":{"rendered":"<p>\u015awietlica integracyjna dla dzieci romskich i polskich \u201ePod lipami\u201d Wycieczka do Pokazowej Zagrody \u017bubr\u00f3w w Pszczynie. W sobot\u0119 18 wrze\u015bnia 2021 o godzinie 7:40 rozpocz\u0119li\u015bmy podr\u00f3\u017c do Pszczyny, aby m\u00f3c&#8230;<\/p>\n","protected":false},"author":2,"featured_media":9350,"comment_status":"open","ping_status":"open","sticky":false,"template":"","format":"standard","meta":{"inline_featured_image":false,"ngg_post_thumbnail":0,"footnotes":""},"categories":[29],"tags":[],"class_list":["post-9215","post","type-post","status-publish","format-standard","has-post-thumbnail","hentry","category-aktualnosci"],"_links":{"self":[{"href":"https:\/\/zsp12.gliwice.pl\/sp15\/wp-json\/wp\/v2\/posts\/9215"}],"collection":[{"href":"https:\/\/zsp12.gliwice.pl\/sp15\/wp-json\/wp\/v2\/posts"}],"about":[{"href":"https:\/\/zsp12.gliwice.pl\/sp15\/wp-json\/wp\/v2\/types\/post"}],"author":[{"embeddable":true,"href":"https:\/\/zsp12.gliwice.pl\/sp15\/wp-json\/wp\/v2\/users\/2"}],"replies":[{"embeddable":true,"href":"https:\/\/zsp12.gliwice.pl\/sp15\/wp-json\/wp\/v2\/comments?post=9215"}],"version-history":[{"count":1,"href":"https:\/\/zsp12.gliwice.pl\/sp15\/wp-json\/wp\/v2\/posts\/9215\/revisions"}],"predecessor-version":[{"id":9351,"href":"https:\/\/zsp12.gliwice.pl\/sp15\/wp-json\/wp\/v2\/posts\/9215\/revisions\/9351"}],"wp:featuredmedia":[{"embeddable":true,"href":"https:\/\/zsp12.gliwice.pl\/sp15\/wp-json\/wp\/v2\/media\/9350"}],"wp:attachment":[{"href":"https:\/\/zsp12.gliwice.pl\/sp15\/wp-json\/wp\/v2\/media?parent=9215"}],"wp:term":[{"taxonomy":"category","embeddable":true,"href":"https:\/\/zsp12.gliwice.pl\/sp15\/wp-json\/wp\/v2\/categories?post=9215"},{"taxonomy":"post_tag","embeddable":true,"href":"https:\/\/zsp12.gliwice.pl\/sp15\/wp-json\/wp\/v2\/tags?post=9215"}],"curies":[{"name":"wp","href":"https:\/\/api.w.org\/{rel}","templated":true}]}}