{"id":9109,"date":"2021-09-10T15:02:06","date_gmt":"2021-09-10T13:02:06","guid":{"rendered":"http:\/\/zsp12.gliwice.pl\/sp15\/?p=9109"},"modified":"2021-09-12T11:04:41","modified_gmt":"2021-09-12T09:04:41","slug":"wakacyjna-ksiazeczka-z-jezyka-niemieckiego","status":"publish","type":"post","link":"https:\/\/zsp12.gliwice.pl\/sp15\/blog\/2021\/09\/10\/wakacyjna-ksiazeczka-z-jezyka-niemieckiego\/","title":{"rendered":"WAKACYJNA KSI\u0104\u017bECZKA Z J\u0118ZYKA NIEMIECKIEGO"},"content":{"rendered":"<p style=\"font-weight: 400\"><em>W\u015br\u00f3d uczni\u00f3w ubieg\u0142orocznych klas 1-3, kt\u00f3rzy uczyli si\u0119 j. mniejszo\u015bci niemieckiej znalaz\u0142o si\u0119 kilka pilnych pszcz\u00f3\u0142ek, kt\u00f3re nawet w wakacje nie przerwa\u0142y swojej przygody z j\u0119zykiem niemieckim. Przed wakacjami Pani Magda i Pani Sylwia przygotowa\u0142y dla swoich uczni\u00f3w ksi\u0105\u017ceczk\u0119 z kr\u00f3tkimi i ciekawymi zadaniami o tematyce wakacyjnej. By\u0142a to doskona\u0142a okazja do powt\u00f3rzenia s\u0142ownictwa oraz poznania wielu nowych s\u0142\u00f3w.<\/em><\/p>\n<p style=\"font-weight: 400\"><em>Na pocz\u0105tku roku szkolnego uczniowie, kt\u00f3rzy przynie\u015bli rozwi\u0105zane ksi\u0105\u017ceczki otrzymali medal pilnej pszcz\u00f3\u0142ki, plan lekcji w j. niemieckim, drobne upominki i cukierki.<\/em><\/p>\n<p style=\"font-weight: 400\"><em>\u017byczymy wszystkim uczniom zapa\u0142u do nauki w ca\u0142ym nowym roku szkolnym! Pani Magda i Pani Sylwia<\/em><\/p>\n<p style=\"font-weight: 400\"><em>Na zdj\u0119ciach poni\u017cej uczniowie ch\u0119tni do wakacyjnej przygody z j\u0119zykiem niemieckim.<\/em><\/p>\n<p style=\"font-weight: 400;text-align: right\"><em>Sylwia Boryczka, Magdalena Pr\u0105tnicka<\/em><\/p>\nngg_shortcode_0_placeholder\n","protected":false},"excerpt":{"rendered":"<p>W\u015br\u00f3d uczni\u00f3w ubieg\u0142orocznych klas 1-3, kt\u00f3rzy uczyli si\u0119 j. mniejszo\u015bci niemieckiej znalaz\u0142o si\u0119 kilka pilnych pszcz\u00f3\u0142ek, kt\u00f3re nawet w wakacje nie przerwa\u0142y swojej przygody z j\u0119zykiem niemieckim. Przed wakacjami Pani&#8230;<\/p>\n","protected":false},"author":2,"featured_media":9116,"comment_status":"open","ping_status":"open","sticky":false,"template":"","format":"standard","meta":{"inline_featured_image":false,"ngg_post_thumbnail":0,"footnotes":""},"categories":[29],"tags":[],"class_list":["post-9109","post","type-post","status-publish","format-standard","has-post-thumbnail","hentry","category-aktualnosci"],"_links":{"self":[{"href":"https:\/\/zsp12.gliwice.pl\/sp15\/wp-json\/wp\/v2\/posts\/9109"}],"collection":[{"href":"https:\/\/zsp12.gliwice.pl\/sp15\/wp-json\/wp\/v2\/posts"}],"about":[{"href":"https:\/\/zsp12.gliwice.pl\/sp15\/wp-json\/wp\/v2\/types\/post"}],"author":[{"embeddable":true,"href":"https:\/\/zsp12.gliwice.pl\/sp15\/wp-json\/wp\/v2\/users\/2"}],"replies":[{"embeddable":true,"href":"https:\/\/zsp12.gliwice.pl\/sp15\/wp-json\/wp\/v2\/comments?post=9109"}],"version-history":[{"count":1,"href":"https:\/\/zsp12.gliwice.pl\/sp15\/wp-json\/wp\/v2\/posts\/9109\/revisions"}],"predecessor-version":[{"id":9117,"href":"https:\/\/zsp12.gliwice.pl\/sp15\/wp-json\/wp\/v2\/posts\/9109\/revisions\/9117"}],"wp:featuredmedia":[{"embeddable":true,"href":"https:\/\/zsp12.gliwice.pl\/sp15\/wp-json\/wp\/v2\/media\/9116"}],"wp:attachment":[{"href":"https:\/\/zsp12.gliwice.pl\/sp15\/wp-json\/wp\/v2\/media?parent=9109"}],"wp:term":[{"taxonomy":"category","embeddable":true,"href":"https:\/\/zsp12.gliwice.pl\/sp15\/wp-json\/wp\/v2\/categories?post=9109"},{"taxonomy":"post_tag","embeddable":true,"href":"https:\/\/zsp12.gliwice.pl\/sp15\/wp-json\/wp\/v2\/tags?post=9109"}],"curies":[{"name":"wp","href":"https:\/\/api.w.org\/{rel}","templated":true}]}}