{"id":7220,"date":"2020-12-11T11:22:30","date_gmt":"2020-12-11T10:22:30","guid":{"rendered":"http:\/\/zsp12.gliwice.pl\/sp15\/?p=7220"},"modified":"2023-06-01T13:38:00","modified_gmt":"2023-06-01T11:38:00","slug":"realizacja-grantu-w-tyglu-kultur","status":"publish","type":"post","link":"https:\/\/zsp12.gliwice.pl\/sp15\/blog\/2020\/12\/11\/realizacja-grantu-w-tyglu-kultur\/","title":{"rendered":"Realizacja grantu &#8220;W tyglu kultur&#8221;"},"content":{"rendered":"<p><em><strong>R\u00f3\u017cnorodno\u015b\u0107, kt\u00f3ra wzbogaca<\/strong><\/em><\/p>\n<p><em>Od zawsze wiadomo, \u017ce Gliwice to miasto wielokulturowe. Na jego dzisiejszy kszta\u0142t wp\u0142yw mia\u0142y zar\u00f3wno zawirowania historyczne jak i aktualna polityka miasta, \u015bwiadomie otwieraj\u0105ca bramy dla os\u00f3b przybywaj\u0105cych z zagranicy.<\/em><\/p>\n<p><em>Obecnie na terenie miasta poza Polakami zamieszkuj\u0105 osoby, kt\u00f3re m\u00f3wi\u0105 o sobie, \u017ce s\u0105 \u015al\u0105zakami, Niemcami, Romami. Coraz wi\u0119ksz\u0105 populacj\u0119 stanowi\u0105 osoby, przyby\u0142e do naszego miasta z Ukrainy, Korei, Japonii, Hiszpanii i wielu innych pa\u0144stw.<\/em><\/p>\n<p><em>W ramach dzia\u0142a\u0144 podejmowanych przez miasto Gliwice w celu stworzenia atmosfery sprzyjaj\u0105cej wszystkim mieszka\u0144com, realizowane s\u0105 dzia\u0142ania maj\u0105ce na celu integracj\u0119 mniejszo\u015bci narodowych i etnicznych.<\/em><\/p>\n<p><em>Jednym z takich dzia\u0142a\u0144 jest realizacja w Zespole Szkolno-Przedszkolnym nr 12 w Gliwicach&nbsp; grantu \u201eW tyglu kultur\u201d, dofinansowanego przez&nbsp; Ministerstwa Edukacji Narodowej, w&nbsp;ramach zadania publicznego \u201eWspieranie inicjatyw edukacyjnych w szkolnym \u015brodowisku wielokulturowym\u201d.<\/em><\/p>\n<p><em>Celem projektu jest przygotowanie plac\u00f3wki na przyj\u0119cie uczni\u00f3w, wywodz\u0105cych si\u0119 z&nbsp;r\u00f3\u017cnych kr\u0119g\u00f3w kulturowych oraz integracja spo\u0142eczno\u015bci Zespo\u0142u. W ramach podj\u0119tych dzia\u0142a\u0144 opracowali\u015bmy broszur\u0119, skierowan\u0105 do rodzic\u00f3w i uczni\u00f3w przybywaj\u0105cych do nas z&nbsp;zagranicy, w kt\u00f3rej uj\u0119li\u015bmy podstawowe informacje na temat polskiego systemu edukacji wraz z kr\u00f3tkim przewodnikiem po szkole.<\/em><\/p>\n<p><em>Nasi nauczyciele wzi\u0119li udzia\u0142 w warsztatach, na kt\u00f3rych pog\u0142\u0119bili swoj\u0105 wiedz\u0119 na temat problem\u00f3w, z jakimi mog\u0105 si\u0119 zetkn\u0105\u0107 przyjmuj\u0105c uczni\u00f3w z innych kultur, wypracowali r\u00f3wnie\u017c materia\u0142y, kt\u00f3re b\u0119d\u0105 wykorzystywane podczas zaj\u0119\u0107 integracyjnych w klasach.<\/em><\/p>\n<p><em>Nie jest prawd\u0105, \u017ce uczniowie wywodz\u0105cy si\u0119 z mniejszo\u015bci, np.&nbsp; romscy czy ukrai\u0144scy to zagro\u017cenie i problem. Cz\u0119sto s\u0105 bardzo dobrymi uczniami, wzbogacaj\u0105cymi nas o nowe do\u015bwiadczenia. Buduj\u0105 nasz\u0105 \u015bwiadomo\u015b\u0107 i wiedz\u0119 o historii i kulturze. Nasi uczniowie, pod opiek\u0105 nauczycieli opracowali&nbsp; i nagrali filmy, opisuj\u0105ce stroje i prezentuj\u0105ce ta\u0144ce narodowe: \u015bl\u0105ski, ukrai\u0144ski i romski. Warto je obejrze\u0107 na stronie <a href=\"http:\/\/www.zsp12.gliwice.pl\">www.zsp12.gliwice.pl<\/a>, stanowi\u0105 bowiem warto\u015bciowy materia\u0142 pogl\u0105dowy pomocny przy nauce ta\u0144c\u00f3w, kt\u00f3ra mo\u017ce by\u0107 realizowana z uczniami szk\u00f3\u0142 podstawowych.<\/em><\/p>\n<p><em>Promuj\u0105c kultur\u0119 romsk\u0105 zorganizowali\u015bmy konkurs plastyczny, obj\u0119ty patronatem \u015al\u0105skiego Kuratora O\u015bwiaty \u2013 nagrodzone prace mo\u017cna obejrze\u0107 na naszej stronie. Pula nagr\u00f3d przekroczy\u0142a 3000 z\u0142.<\/em><\/p>\n<p><em>Uczniowie, ucz\u0105cy si\u0119 j\u0119zyk\u00f3w mniejszo\u015bci: niemieckiego lub ukrai\u0144skiego oraz uczniowie ukrai\u0144scy w ramach lekcji j\u0119zyka narodowego przygotowali filmy, na kt\u00f3rych prezentuj\u0105 swoje osi\u0105gni\u0119cia. Filmy te zosta\u0142y przygotowane z okazji Dnia Kultur, organizowanego w listopadzie naszej szkole.<\/em><\/p>\n<p><em>Cieszymy si\u0119, \u017ce nasz\u0105 spo\u0142eczno\u015b\u0107 buduje coraz wi\u0119cej kultur, bo dzi\u0119ki temu wzbogaca si\u0119 nasza wiedza a uczniowie s\u0105 lepiej przygotowani do \u017cycia w spo\u0142ecze\u0144stwie wielokulturowym, kt\u00f3re powstaje za spraw\u0105 \u015bwiata otwartych granic.<\/em><\/p>\n<p><em>Podczas realizacji grantu wsp\u00f3\u0142pracowali\u015bmy z uczestnikami zaj\u0119\u0107 \u015bwietlicy integracyjnej \u201ePod lipami\u201d, dzia\u0142aj\u0105c\u0105 przy Zespole Szkolno-Przedszkolnym nr 12 w Gliwicach, zespo\u0142em Pie\u015bni i Ta\u0144ca \u201eSiemianowice\u201d, dzia\u0142aj\u0105cym przy Siemianowickim Centrum Kultury oraz Zespo\u0142em Dyvograj z Brod\u00f3w na Ukrainie.<\/em><\/p>\n<p><iframe loading=\"lazy\" title=\"romski\" width=\"640\" height=\"360\" src=\"https:\/\/www.youtube.com\/embed\/RtgnfrGctAQ?feature=oembed\" frameborder=\"0\" allow=\"accelerometer; autoplay; clipboard-write; encrypted-media; gyroscope; picture-in-picture; web-share\" referrerpolicy=\"strict-origin-when-cross-origin\" allowfullscreen><\/iframe><\/p>\n<p><iframe loading=\"lazy\" title=\"\u015bl\u0105skie\" width=\"640\" height=\"360\" src=\"https:\/\/www.youtube.com\/embed\/qMQ4oKxm3ZY?feature=oembed\" frameborder=\"0\" allow=\"accelerometer; autoplay; clipboard-write; encrypted-media; gyroscope; picture-in-picture; web-share\" referrerpolicy=\"strict-origin-when-cross-origin\" allowfullscreen><\/iframe><\/p>\n<p><iframe loading=\"lazy\" title=\"ukrai\u0144ski\" width=\"640\" height=\"360\" src=\"https:\/\/www.youtube.com\/embed\/cU0fYu_7S8U?feature=oembed\" frameborder=\"0\" allow=\"accelerometer; autoplay; clipboard-write; encrypted-media; gyroscope; picture-in-picture; web-share\" referrerpolicy=\"strict-origin-when-cross-origin\" allowfullscreen><\/iframe><\/p>\nngg_shortcode_0_placeholder\n<div style=\"width: 640px;\" class=\"wp-video\"><!--[if lt IE 9]><script>document.createElement('video');<\/script><![endif]-->\n<video class=\"wp-video-shortcode\" id=\"video-7220-1\" width=\"640\" height=\"352\" preload=\"metadata\" controls=\"controls\"><source type=\"video\/mp4\" src=\"http:\/\/zsp12.gliwice.pl\/pm7\/wp-content\/uploads\/sites\/7\/2020\/11\/Vid-20201114-Wa0020-1.m4v?_=1\" \/><a href=\"http:\/\/zsp12.gliwice.pl\/pm7\/wp-content\/uploads\/sites\/7\/2020\/11\/Vid-20201114-Wa0020-1.m4v\">http:\/\/zsp12.gliwice.pl\/pm7\/wp-content\/uploads\/sites\/7\/2020\/11\/Vid-20201114-Wa0020-1.m4v<\/a><\/video><\/div>\n<div style=\"width: 534px;\" class=\"wp-video\"><video class=\"wp-video-shortcode\" id=\"video-7220-2\" width=\"534\" height=\"352\" preload=\"metadata\" controls=\"controls\"><source type=\"video\/mp4\" src=\"http:\/\/zsp12.gliwice.pl\/pm7\/wp-content\/uploads\/sites\/7\/2020\/11\/Vid-20201114-Wa0019-1.m4v?_=2\" \/><a href=\"http:\/\/zsp12.gliwice.pl\/pm7\/wp-content\/uploads\/sites\/7\/2020\/11\/Vid-20201114-Wa0019-1.m4v\">http:\/\/zsp12.gliwice.pl\/pm7\/wp-content\/uploads\/sites\/7\/2020\/11\/Vid-20201114-Wa0019-1.m4v<\/a><\/video><\/div>\n<div style=\"width: 640px;\" class=\"wp-video\"><video class=\"wp-video-shortcode\" id=\"video-7220-3\" width=\"640\" height=\"360\" preload=\"metadata\" controls=\"controls\"><source type=\"video\/mp4\" src=\"http:\/\/zsp12.gliwice.pl\/pm7\/wp-content\/uploads\/sites\/7\/2020\/11\/Vid-20201114-Wa0023-1.m4v?_=3\" \/><a href=\"http:\/\/zsp12.gliwice.pl\/pm7\/wp-content\/uploads\/sites\/7\/2020\/11\/Vid-20201114-Wa0023-1.m4v\">http:\/\/zsp12.gliwice.pl\/pm7\/wp-content\/uploads\/sites\/7\/2020\/11\/Vid-20201114-Wa0023-1.m4v<\/a><\/video><\/div>\n<div style=\"width: 512px;\" class=\"wp-video\"><video class=\"wp-video-shortcode\" id=\"video-7220-4\" width=\"512\" height=\"464\" preload=\"metadata\" controls=\"controls\"><source type=\"video\/mp4\" src=\"http:\/\/zsp12.gliwice.pl\/pm7\/wp-content\/uploads\/sites\/7\/2020\/11\/Vid-20201114-Wa0022-1.m4v?_=4\" \/><a href=\"http:\/\/zsp12.gliwice.pl\/pm7\/wp-content\/uploads\/sites\/7\/2020\/11\/Vid-20201114-Wa0022-1.m4v\">http:\/\/zsp12.gliwice.pl\/pm7\/wp-content\/uploads\/sites\/7\/2020\/11\/Vid-20201114-Wa0022-1.m4v<\/a><\/video><\/div>\n<div style=\"width: 534px;\" class=\"wp-video\"><video class=\"wp-video-shortcode\" id=\"video-7220-5\" width=\"534\" height=\"352\" preload=\"metadata\" controls=\"controls\"><source type=\"video\/mp4\" src=\"http:\/\/zsp12.gliwice.pl\/pm7\/wp-content\/uploads\/sites\/7\/2020\/11\/Vid-20201114-Wa0021-1.m4v?_=5\" \/><a href=\"http:\/\/zsp12.gliwice.pl\/pm7\/wp-content\/uploads\/sites\/7\/2020\/11\/Vid-20201114-Wa0021-1.m4v\">http:\/\/zsp12.gliwice.pl\/pm7\/wp-content\/uploads\/sites\/7\/2020\/11\/Vid-20201114-Wa0021-1.m4v<\/a><\/video><\/div>\n<div style=\"width: 384px;\" class=\"wp-video\"><video class=\"wp-video-shortcode\" id=\"video-7220-6\" width=\"384\" height=\"288\" preload=\"metadata\" controls=\"controls\"><source type=\"video\/mp4\" src=\"http:\/\/zsp12.gliwice.pl\/pm7\/wp-content\/uploads\/sites\/7\/2020\/11\/Vid-20201114-Wa0024-1-1-1-1.m4v?_=6\" \/><a href=\"http:\/\/zsp12.gliwice.pl\/pm7\/wp-content\/uploads\/sites\/7\/2020\/11\/Vid-20201114-Wa0024-1-1-1-1.m4v\">http:\/\/zsp12.gliwice.pl\/pm7\/wp-content\/uploads\/sites\/7\/2020\/11\/Vid-20201114-Wa0024-1-1-1-1.m4v<\/a><\/video><\/div>\n<div style=\"width: 640px;\" class=\"wp-video\"><video class=\"wp-video-shortcode\" id=\"video-7220-7\" width=\"640\" height=\"360\" preload=\"metadata\" controls=\"controls\"><source type=\"video\/mp4\" src=\"http:\/\/zsp12.gliwice.pl\/pm7\/wp-content\/uploads\/sites\/7\/2020\/11\/Tygiel-Kultur-2020-J.Mn_.Niemieckiej-4A-Hallo-Kinder-1.m4v?_=7\" \/><a href=\"http:\/\/zsp12.gliwice.pl\/pm7\/wp-content\/uploads\/sites\/7\/2020\/11\/Tygiel-Kultur-2020-J.Mn_.Niemieckiej-4A-Hallo-Kinder-1.m4v\">http:\/\/zsp12.gliwice.pl\/pm7\/wp-content\/uploads\/sites\/7\/2020\/11\/Tygiel-Kultur-2020-J.Mn_.Niemieckiej-4A-Hallo-Kinder-1.m4v<\/a><\/video><\/div>\n<div style=\"width: 640px;\" class=\"wp-video\"><video class=\"wp-video-shortcode\" id=\"video-7220-8\" width=\"640\" height=\"352\" preload=\"metadata\" controls=\"controls\"><source type=\"video\/mp4\" src=\"http:\/\/zsp12.gliwice.pl\/sp15\/wp-content\/uploads\/sites\/11\/2020\/11\/Vid-20201114-Wa0025-1.m4v?_=8\" \/><a href=\"http:\/\/zsp12.gliwice.pl\/sp15\/wp-content\/uploads\/sites\/11\/2020\/11\/Vid-20201114-Wa0025-1.m4v\">http:\/\/zsp12.gliwice.pl\/sp15\/wp-content\/uploads\/sites\/11\/2020\/11\/Vid-20201114-Wa0025-1.m4v<\/a><\/video><\/div>\n<div style=\"width: 640px;\" class=\"wp-video\"><video class=\"wp-video-shortcode\" id=\"video-7220-9\" width=\"640\" height=\"368\" preload=\"metadata\" controls=\"controls\"><source type=\"video\/mp4\" src=\"http:\/\/zsp12.gliwice.pl\/pm7\/wp-content\/uploads\/sites\/7\/2020\/11\/video-1605364787.mp4?_=9\" \/><a href=\"http:\/\/zsp12.gliwice.pl\/pm7\/wp-content\/uploads\/sites\/7\/2020\/11\/video-1605364787.mp4\">http:\/\/zsp12.gliwice.pl\/pm7\/wp-content\/uploads\/sites\/7\/2020\/11\/video-1605364787.mp4<\/a><\/video><\/div>\n<div style=\"width: 640px;\" class=\"wp-video\"><video class=\"wp-video-shortcode\" id=\"video-7220-10\" width=\"640\" height=\"368\" preload=\"metadata\" controls=\"controls\"><source type=\"video\/mp4\" src=\"http:\/\/zsp12.gliwice.pl\/pm7\/wp-content\/uploads\/sites\/7\/2020\/11\/video-1605363253.mp4?_=10\" \/><a href=\"http:\/\/zsp12.gliwice.pl\/pm7\/wp-content\/uploads\/sites\/7\/2020\/11\/video-1605363253.mp4\">http:\/\/zsp12.gliwice.pl\/pm7\/wp-content\/uploads\/sites\/7\/2020\/11\/video-1605363253.mp4<\/a><\/video><\/div>\n","protected":false},"excerpt":{"rendered":"<p>R\u00f3\u017cnorodno\u015b\u0107, kt\u00f3ra wzbogaca Od zawsze wiadomo, \u017ce Gliwice to miasto wielokulturowe. Na jego dzisiejszy kszta\u0142t wp\u0142yw mia\u0142y zar\u00f3wno zawirowania historyczne jak i aktualna polityka miasta, \u015bwiadomie otwieraj\u0105ca bramy dla os\u00f3b&#8230;<\/p>\n","protected":false},"author":2,"featured_media":7221,"comment_status":"open","ping_status":"open","sticky":false,"template":"","format":"standard","meta":{"inline_featured_image":false,"ngg_post_thumbnail":0,"footnotes":""},"categories":[29],"tags":[],"class_list":["post-7220","post","type-post","status-publish","format-standard","has-post-thumbnail","hentry","category-aktualnosci"],"_links":{"self":[{"href":"https:\/\/zsp12.gliwice.pl\/sp15\/wp-json\/wp\/v2\/posts\/7220"}],"collection":[{"href":"https:\/\/zsp12.gliwice.pl\/sp15\/wp-json\/wp\/v2\/posts"}],"about":[{"href":"https:\/\/zsp12.gliwice.pl\/sp15\/wp-json\/wp\/v2\/types\/post"}],"author":[{"embeddable":true,"href":"https:\/\/zsp12.gliwice.pl\/sp15\/wp-json\/wp\/v2\/users\/2"}],"replies":[{"embeddable":true,"href":"https:\/\/zsp12.gliwice.pl\/sp15\/wp-json\/wp\/v2\/comments?post=7220"}],"version-history":[{"count":8,"href":"https:\/\/zsp12.gliwice.pl\/sp15\/wp-json\/wp\/v2\/posts\/7220\/revisions"}],"predecessor-version":[{"id":7247,"href":"https:\/\/zsp12.gliwice.pl\/sp15\/wp-json\/wp\/v2\/posts\/7220\/revisions\/7247"}],"wp:featuredmedia":[{"embeddable":true,"href":"https:\/\/zsp12.gliwice.pl\/sp15\/wp-json\/wp\/v2\/media\/7221"}],"wp:attachment":[{"href":"https:\/\/zsp12.gliwice.pl\/sp15\/wp-json\/wp\/v2\/media?parent=7220"}],"wp:term":[{"taxonomy":"category","embeddable":true,"href":"https:\/\/zsp12.gliwice.pl\/sp15\/wp-json\/wp\/v2\/categories?post=7220"},{"taxonomy":"post_tag","embeddable":true,"href":"https:\/\/zsp12.gliwice.pl\/sp15\/wp-json\/wp\/v2\/tags?post=7220"}],"curies":[{"name":"wp","href":"https:\/\/api.w.org\/{rel}","templated":true}]}}