{"id":7132,"date":"2020-11-22T14:01:08","date_gmt":"2020-11-22T13:01:08","guid":{"rendered":"http:\/\/zsp12.gliwice.pl\/sp15\/?p=7132"},"modified":"2020-11-22T14:01:53","modified_gmt":"2020-11-22T13:01:53","slug":"konkurs-fotograficzny-pt-jesienne-drzewa","status":"publish","type":"post","link":"https:\/\/zsp12.gliwice.pl\/sp15\/blog\/2020\/11\/22\/konkurs-fotograficzny-pt-jesienne-drzewa\/","title":{"rendered":"Konkurs fotograficzny pt.: &#8221; Jesienne drzewa&#8221;"},"content":{"rendered":"<p><em>Przedstawiam prace zwyci\u0119zc\u00f3w szkolnego konkursu fotograficznego pt.: &#8221; Jesienne drzewa&#8221;. Uczestnicy mieli za zadanie przes\u0142a\u0107 zdj\u0119cie drzewa oraz jego li\u015bci lub owocu z opisem:<\/em><\/p>\n<p><em>Maksymilian Stola 2a I miejsce w kategorii klas 2 &#8211; d\u0105b szypu\u0142kowy<\/em><\/p>\n<p><em>Zofia Warda 2a II miejsce w kategorii klas 2 &#8211; d\u0105b czerwony<\/em><\/p>\n<p><em>Milena Fory\u015b I miejsce w kategorii klas 1 &#8211; d\u0105b szypu\u0142kowy<\/em><\/p>\n<p style=\"text-align: right\"><em>Bo\u017cena Augustyniak<\/em><\/p>\nngg_shortcode_0_placeholder\n","protected":false},"excerpt":{"rendered":"<p>Przedstawiam prace zwyci\u0119zc\u00f3w szkolnego konkursu fotograficznego pt.: &#8221; Jesienne drzewa&#8221;. Uczestnicy mieli za zadanie przes\u0142a\u0107 zdj\u0119cie drzewa oraz jego li\u015bci lub owocu z opisem: Maksymilian Stola 2a I miejsce w&#8230;<\/p>\n","protected":false},"author":2,"featured_media":7143,"comment_status":"open","ping_status":"open","sticky":false,"template":"","format":"standard","meta":{"inline_featured_image":false,"ngg_post_thumbnail":0,"footnotes":""},"categories":[29,17],"tags":[],"class_list":["post-7132","post","type-post","status-publish","format-standard","has-post-thumbnail","hentry","category-aktualnosci","category-informacje"],"_links":{"self":[{"href":"https:\/\/zsp12.gliwice.pl\/sp15\/wp-json\/wp\/v2\/posts\/7132"}],"collection":[{"href":"https:\/\/zsp12.gliwice.pl\/sp15\/wp-json\/wp\/v2\/posts"}],"about":[{"href":"https:\/\/zsp12.gliwice.pl\/sp15\/wp-json\/wp\/v2\/types\/post"}],"author":[{"embeddable":true,"href":"https:\/\/zsp12.gliwice.pl\/sp15\/wp-json\/wp\/v2\/users\/2"}],"replies":[{"embeddable":true,"href":"https:\/\/zsp12.gliwice.pl\/sp15\/wp-json\/wp\/v2\/comments?post=7132"}],"version-history":[{"count":1,"href":"https:\/\/zsp12.gliwice.pl\/sp15\/wp-json\/wp\/v2\/posts\/7132\/revisions"}],"predecessor-version":[{"id":7141,"href":"https:\/\/zsp12.gliwice.pl\/sp15\/wp-json\/wp\/v2\/posts\/7132\/revisions\/7141"}],"wp:featuredmedia":[{"embeddable":true,"href":"https:\/\/zsp12.gliwice.pl\/sp15\/wp-json\/wp\/v2\/media\/7143"}],"wp:attachment":[{"href":"https:\/\/zsp12.gliwice.pl\/sp15\/wp-json\/wp\/v2\/media?parent=7132"}],"wp:term":[{"taxonomy":"category","embeddable":true,"href":"https:\/\/zsp12.gliwice.pl\/sp15\/wp-json\/wp\/v2\/categories?post=7132"},{"taxonomy":"post_tag","embeddable":true,"href":"https:\/\/zsp12.gliwice.pl\/sp15\/wp-json\/wp\/v2\/tags?post=7132"}],"curies":[{"name":"wp","href":"https:\/\/api.w.org\/{rel}","templated":true}]}}