{"id":7071,"date":"2020-11-17T18:32:56","date_gmt":"2020-11-17T17:32:56","guid":{"rendered":"http:\/\/zsp12.gliwice.pl\/sp15\/?p=7071"},"modified":"2020-11-17T18:43:21","modified_gmt":"2020-11-17T17:43:21","slug":"rozstrzygniecie-v-edycji-wojewodzkiego-konkursu-plastycznego-romskie-bajanie-pod-patronatem-slaskiego-kuratora-oswiaty","status":"publish","type":"post","link":"https:\/\/zsp12.gliwice.pl\/sp15\/blog\/2020\/11\/17\/rozstrzygniecie-v-edycji-wojewodzkiego-konkursu-plastycznego-romskie-bajanie-pod-patronatem-slaskiego-kuratora-oswiaty\/","title":{"rendered":"ROZSTRZYGNI\u0118CIE V EDYCJI WOJEW\u00d3DZKIEGO KONKURSU PLASTYCZNEGO &#8220;ROMSKIE BAJANIE&#8221; POD PATRONATEM \u015aL\u0104SKIEGO KURATORA O\u015aWIATY"},"content":{"rendered":"<p style=\"text-align: center\"><a href=\"http:\/\/zsp12.gliwice.pl\/sp15\/wp-content\/uploads\/sites\/11\/2020\/11\/protok\u00f3\u0142-romskie-bajanie-V.pdf\">protok\u00f3\u0142 &#8211; romskie bajanie<\/a><\/p>\n<p>ngg_shortcode_0_placeholderPRACE NAGRODZONE &#8211; GRUPA WIEKOWA 6 &#8211; 8 LAT<\/p>\n<p>ngg_shortcode_1_placeholder&nbsp; PRACE NAGRODZONE &#8211; GRUPA WIEKOWA 9 -11 LAT<\/p>\n<p>ngg_shortcode_2_placeholderPRACE NAGRODZONE &#8211; GRUPA WIEKOWA 12 LAT I WI\u0118CEJ<\/p>\nngg_shortcode_3_placeholder\n","protected":false},"excerpt":{"rendered":"<p>protok\u00f3\u0142 &#8211; romskie bajanie PRACE NAGRODZONE &#8211; GRUPA WIEKOWA 6 &#8211; 8 LAT &nbsp; PRACE NAGRODZONE &#8211; GRUPA WIEKOWA 9 -11 LAT PRACE NAGRODZONE &#8211; GRUPA WIEKOWA 12 LAT I&#8230;<\/p>\n","protected":false},"author":2,"featured_media":7122,"comment_status":"open","ping_status":"open","sticky":false,"template":"","format":"standard","meta":{"inline_featured_image":false,"ngg_post_thumbnail":0,"footnotes":""},"categories":[29],"tags":[],"class_list":["post-7071","post","type-post","status-publish","format-standard","has-post-thumbnail","hentry","category-aktualnosci"],"_links":{"self":[{"href":"https:\/\/zsp12.gliwice.pl\/sp15\/wp-json\/wp\/v2\/posts\/7071"}],"collection":[{"href":"https:\/\/zsp12.gliwice.pl\/sp15\/wp-json\/wp\/v2\/posts"}],"about":[{"href":"https:\/\/zsp12.gliwice.pl\/sp15\/wp-json\/wp\/v2\/types\/post"}],"author":[{"embeddable":true,"href":"https:\/\/zsp12.gliwice.pl\/sp15\/wp-json\/wp\/v2\/users\/2"}],"replies":[{"embeddable":true,"href":"https:\/\/zsp12.gliwice.pl\/sp15\/wp-json\/wp\/v2\/comments?post=7071"}],"version-history":[{"count":1,"href":"https:\/\/zsp12.gliwice.pl\/sp15\/wp-json\/wp\/v2\/posts\/7071\/revisions"}],"predecessor-version":[{"id":7123,"href":"https:\/\/zsp12.gliwice.pl\/sp15\/wp-json\/wp\/v2\/posts\/7071\/revisions\/7123"}],"wp:featuredmedia":[{"embeddable":true,"href":"https:\/\/zsp12.gliwice.pl\/sp15\/wp-json\/wp\/v2\/media\/7122"}],"wp:attachment":[{"href":"https:\/\/zsp12.gliwice.pl\/sp15\/wp-json\/wp\/v2\/media?parent=7071"}],"wp:term":[{"taxonomy":"category","embeddable":true,"href":"https:\/\/zsp12.gliwice.pl\/sp15\/wp-json\/wp\/v2\/categories?post=7071"},{"taxonomy":"post_tag","embeddable":true,"href":"https:\/\/zsp12.gliwice.pl\/sp15\/wp-json\/wp\/v2\/tags?post=7071"}],"curies":[{"name":"wp","href":"https:\/\/api.w.org\/{rel}","templated":true}]}}