{"id":6987,"date":"2020-11-02T16:30:40","date_gmt":"2020-11-02T15:30:40","guid":{"rendered":"http:\/\/zsp12.gliwice.pl\/sp15\/?p=6987"},"modified":"2020-11-02T16:30:40","modified_gmt":"2020-11-02T15:30:40","slug":"100-dla-hospicjum-gliwice-od-12stki","status":"publish","type":"post","link":"https:\/\/zsp12.gliwice.pl\/sp15\/blog\/2020\/11\/02\/100-dla-hospicjum-gliwice-od-12stki\/","title":{"rendered":"100 !!! dla Hospicjum Gliwice od 12stki"},"content":{"rendered":"<p><img loading=\"lazy\" decoding=\"async\" class=\"aligncenter wp-image-6988 size-medium\" src=\"http:\/\/zsp12.gliwice.pl\/sp15\/wp-content\/uploads\/sites\/11\/2020\/11\/kalendarz-225x300.jpg\" alt=\"\" width=\"225\" height=\"300\" srcset=\"https:\/\/zsp12.gliwice.pl\/sp15\/wp-content\/uploads\/sites\/11\/2020\/11\/kalendarz-225x300.jpg 225w, https:\/\/zsp12.gliwice.pl\/sp15\/wp-content\/uploads\/sites\/11\/2020\/11\/kalendarz-768x1024.jpg 768w, https:\/\/zsp12.gliwice.pl\/sp15\/wp-content\/uploads\/sites\/11\/2020\/11\/kalendarz-18x24.jpg 18w, https:\/\/zsp12.gliwice.pl\/sp15\/wp-content\/uploads\/sites\/11\/2020\/11\/kalendarz-27x36.jpg 27w, https:\/\/zsp12.gliwice.pl\/sp15\/wp-content\/uploads\/sites\/11\/2020\/11\/kalendarz-36x48.jpg 36w, https:\/\/zsp12.gliwice.pl\/sp15\/wp-content\/uploads\/sites\/11\/2020\/11\/kalendarz.jpg 1536w\" sizes=\"(max-width: 225px) 100vw, 225px\" \/><\/p>\n<p><em>Nasze dzia\u0142ania s\u0105 zgodne z jednym z cytat\u00f3w z kalendarza: \u201eSzcz\u0119\u015bcie to jest nie stacja, do kt\u00f3rej zmierzasz, lecz spos\u00f3b podr\u00f3\u017cowania\u201d dlatego jako Zesp\u00f3l Szkolno-Przedszkolny nr 12 w Gliwicach w tych trudnych czasach nie zapominamy o potrzebach innych.<\/em><\/p>\n<p><em>&nbsp;Dla Hospicjum w Gliwicach sprzedali\u015bmy 100 kalendarzy z przepi\u0119knymi akwarelami, kt\u00f3re zatrzymuj\u0105 ulotne chwile ku naszej rado\u015bci i chwili zachwytu. Mamy nadzieje, \u017ce \u015brodki przekazane ze sprzeda\u017cy kalendarzy pomog\u0105 ul\u017cy\u0107 w cierpieniu potrzebuj\u0105cym. Jeste\u015bmy dumni z naszej spo\u0142eczno\u015bci rodzic\u00f3w, nauczycieli i pracownik\u00f3w za zaanga\u017cowanie w tak wa\u017cne dzie\u0142o. Dzi\u0119kujemy.<\/em><\/p>\n<p>&nbsp;<\/p>\n<p><em>Zapraszamy tez wszystkich Was do udzia\u0142u w <a href=\"http:\/\/https\/\/zrzutka.pl\/hospicjumgliwice\">https\/\/zrzutka.pl\/hospicjumgliwice<\/a><\/em><\/p>\n<p style=\"text-align: right\"><em>Barbra Kozak<\/em><\/p>\n","protected":false},"excerpt":{"rendered":"<p>Nasze dzia\u0142ania s\u0105 zgodne z jednym z cytat\u00f3w z kalendarza: \u201eSzcz\u0119\u015bcie to jest nie stacja, do kt\u00f3rej zmierzasz, lecz spos\u00f3b podr\u00f3\u017cowania\u201d dlatego jako Zesp\u00f3l Szkolno-Przedszkolny nr 12 w Gliwicach w&#8230;<\/p>\n","protected":false},"author":2,"featured_media":6988,"comment_status":"open","ping_status":"open","sticky":false,"template":"","format":"standard","meta":{"inline_featured_image":false,"ngg_post_thumbnail":0,"footnotes":""},"categories":[29],"tags":[],"class_list":["post-6987","post","type-post","status-publish","format-standard","has-post-thumbnail","hentry","category-aktualnosci"],"_links":{"self":[{"href":"https:\/\/zsp12.gliwice.pl\/sp15\/wp-json\/wp\/v2\/posts\/6987"}],"collection":[{"href":"https:\/\/zsp12.gliwice.pl\/sp15\/wp-json\/wp\/v2\/posts"}],"about":[{"href":"https:\/\/zsp12.gliwice.pl\/sp15\/wp-json\/wp\/v2\/types\/post"}],"author":[{"embeddable":true,"href":"https:\/\/zsp12.gliwice.pl\/sp15\/wp-json\/wp\/v2\/users\/2"}],"replies":[{"embeddable":true,"href":"https:\/\/zsp12.gliwice.pl\/sp15\/wp-json\/wp\/v2\/comments?post=6987"}],"version-history":[{"count":1,"href":"https:\/\/zsp12.gliwice.pl\/sp15\/wp-json\/wp\/v2\/posts\/6987\/revisions"}],"predecessor-version":[{"id":6989,"href":"https:\/\/zsp12.gliwice.pl\/sp15\/wp-json\/wp\/v2\/posts\/6987\/revisions\/6989"}],"wp:featuredmedia":[{"embeddable":true,"href":"https:\/\/zsp12.gliwice.pl\/sp15\/wp-json\/wp\/v2\/media\/6988"}],"wp:attachment":[{"href":"https:\/\/zsp12.gliwice.pl\/sp15\/wp-json\/wp\/v2\/media?parent=6987"}],"wp:term":[{"taxonomy":"category","embeddable":true,"href":"https:\/\/zsp12.gliwice.pl\/sp15\/wp-json\/wp\/v2\/categories?post=6987"},{"taxonomy":"post_tag","embeddable":true,"href":"https:\/\/zsp12.gliwice.pl\/sp15\/wp-json\/wp\/v2\/tags?post=6987"}],"curies":[{"name":"wp","href":"https:\/\/api.w.org\/{rel}","templated":true}]}}