{"id":6916,"date":"2020-10-28T15:20:47","date_gmt":"2020-10-28T14:20:47","guid":{"rendered":"http:\/\/zsp12.gliwice.pl\/sp15\/?p=6916"},"modified":"2023-06-01T13:38:34","modified_gmt":"2023-06-01T11:38:34","slug":"zatorze-naprawde-aktywne","status":"publish","type":"post","link":"https:\/\/zsp12.gliwice.pl\/sp15\/blog\/2020\/10\/28\/zatorze-naprawde-aktywne\/","title":{"rendered":"Zatorze naprawd\u0119 aktywne!"},"content":{"rendered":"<p><img loading=\"lazy\" decoding=\"async\" class=\"aligncenter wp-image-6942 size-large\" src=\"http:\/\/zsp12.gliwice.pl\/sp15\/wp-content\/uploads\/sites\/11\/2020\/10\/budzet_obywatelski_2021_afisz-712x1024.jpg\" alt=\"\" width=\"640\" height=\"920\" srcset=\"https:\/\/zsp12.gliwice.pl\/sp15\/wp-content\/uploads\/sites\/11\/2020\/10\/budzet_obywatelski_2021_afisz-712x1024.jpg 712w, https:\/\/zsp12.gliwice.pl\/sp15\/wp-content\/uploads\/sites\/11\/2020\/10\/budzet_obywatelski_2021_afisz-209x300.jpg 209w, https:\/\/zsp12.gliwice.pl\/sp15\/wp-content\/uploads\/sites\/11\/2020\/10\/budzet_obywatelski_2021_afisz-768x1105.jpg 768w, https:\/\/zsp12.gliwice.pl\/sp15\/wp-content\/uploads\/sites\/11\/2020\/10\/budzet_obywatelski_2021_afisz-17x24.jpg 17w, https:\/\/zsp12.gliwice.pl\/sp15\/wp-content\/uploads\/sites\/11\/2020\/10\/budzet_obywatelski_2021_afisz-25x36.jpg 25w, https:\/\/zsp12.gliwice.pl\/sp15\/wp-content\/uploads\/sites\/11\/2020\/10\/budzet_obywatelski_2021_afisz-33x48.jpg 33w, https:\/\/zsp12.gliwice.pl\/sp15\/wp-content\/uploads\/sites\/11\/2020\/10\/budzet_obywatelski_2021_afisz.jpg 834w\" sizes=\"(max-width: 640px) 100vw, 640px\" \/><\/p>\n<p><em><a href=\"https:\/\/edukacja.gliwice.eu\/aktualnosci\/oswiata\/zatorze-naprawde-aktywne\">https:\/\/edukacja.gliwice.eu\/aktualnosci\/oswiata\/zatorze-naprawde-aktywne<\/a><\/em><\/p>\n<p><em>Dobiega ko\u0144ca realizacja zadania \u201eAktywne Zatorze\u201d, realizowanego w ramach Gliwickiego Bud\u017cetu Obywatelskiego na rok 2020.<\/em><\/p>\n<p><em>Od stycznia spotykamy si\u0119 z mieszka\u0144cami \u2013 dzie\u0107mi, m\u0142odzie\u017c\u0105 i seniorami na r\u00f3\u017cnorodnych zaj\u0119ciach, pozwalaj\u0105cych rozwija\u0107 pasje, zainteresowania i dba\u0107 o t\u0119\u017cyzn\u0119 fizyczn\u0105. Uczestnicy zaj\u0119\u0107 tworzyli kompozycje przyrodnicze \u2013 \u201eLas w butelce\u201d, wykonywali bi\u017cuteri\u0119 i ozdoby \u015bwi\u0105teczne, w\u0142asnor\u0119cznie przygotowywali myd\u0142a, kremy i od\u017cywki, uczyli si\u0119 rozpoznawa\u0107 ro\u015bliny i m\u0105drze ich u\u017cywa\u0107. Popularno\u015bci\u0105 cieszy\u0142y si\u0119 spotkania z dietetykiem i zaj\u0119cia sportowe \u2013 gry zespo\u0142owe, aerobic, zumba i zaj\u0119cia prowadzone w terenie, np. nordic walking dedykowany seniorom.<\/em><\/p>\n<p><em>Dzieci i m\u0142odzie\u017c ch\u0119tnie uczestnicz\u0105 w zaj\u0119ciach robotycznych i tych, po\u015bwi\u0119conych podstawom programowania i projektowania 3D. &nbsp;Seniorzy, w dobie niewygasaj\u0105cej pandemii s\u0105 zainteresowania rozwini\u0119ciem swojej wiedzy na temat platform komunikacyjnych oraz narz\u0119dzi internetowych, pozwalaj\u0105cych bez wychodzenia z domu za\u0142atwi\u0107 sprawy w urz\u0119dach.<\/em><\/p>\n<p><em>Cieszymy si\u0119, \u017ce zaproponowane zaj\u0119cia spotka\u0142y si\u0119 z przychylno\u015bci\u0105 mieszka\u0144c\u00f3w osiedla, o&nbsp;czym mo\u017ce \u015bwiadczy\u0107 du\u017ca frekwencja i pe\u0142ne listy oczekuj\u0105cych na kolejne terminy zaj\u0119\u0107.<\/em><\/p>\n<p><em>Realizacja zadania bardzo przyczyni\u0142a si\u0119 do uatrakcyjnienia letniego wypoczynku dzieci, kt\u00f3re z&nbsp;powodu koronawirusa nie mog\u0142y wyjecha\u0107 z Gliwic \u2013 wakacyjne zaj\u0119cia organizowane by\u0142y w&nbsp;miesi\u0105cu lipcu i cieszy\u0142y si\u0119 ogromn\u0105 popularno\u015bci\u0105.<\/em><\/p>\n<p><em>R\u00f3wnie\u017c w trakcie roku szkolnego zar\u00f3wno dzieci jak i starsi ch\u0119tnie spotykaj\u0105 si\u0119 z instruktorami, \u0107wicz\u0105c n Sali gimnastycznej i si\u0142owni, ta\u0144cz\u0105c, rozwijaj\u0105c swoje pasje przyrodnicze, plastyczne i&nbsp;informatyczne.<\/em><\/p>\n<p><em>Pomimo bardzo trudnych warunk\u00f3w, spowodowanych epidemi\u0105 jeste\u015bmy szcz\u0119\u015bliwi, \u017ce do ko\u0144ca pa\u017adziernika uda nam si\u0119 przeprowadzi\u0107 wi\u0119kszo\u015b\u0107 zaplanowanych zaj\u0119\u0107.<\/em><\/p>\n<p><em>Zaanga\u017cowanie mieszka\u0144c\u00f3w daje nam prawo przypuszcza\u0107, \u017ce r\u00f3wnie\u017c zaj\u0119cia zaproponowane przez nas na przysz\u0142y rok b\u0119d\u0105 cieszy\u0142y si\u0119 r\u00f3wnie du\u017cym zainteresowaniem mieszka\u0144c\u00f3w.<\/em><\/p>\n<p><em><strong>Je\u017celi uwa\u017cacie Pa\u0144stwo, \u017ce zaproponowane przez nas zaj\u0119cia s\u0105 interesuj\u0105ce i warto je kontynuowa\u0107 bardzo prosimy o oddanie g\u0142osu na zadanie nr 4 w dzielnicy Zatorze (nazwa zadania: Warsztaty numer wniosku: 075).<\/strong><\/em><\/p>\n<p><em><strong>Dodatkowo prosimy o Pa\u0144stwa g\u0142os na zadanie og\u00f3lnomiejskie nr 5 \u201eSpotkania dla dzieci\u201d (numer wniosku: 252)<\/strong><\/em><\/p>\n<p><em>G\u0142osowa\u0107 mo\u017cna oddaj\u0105c g\u0142os na papierze lub przez Internet, na stronie www.gliwice.eu, w zak\u0142adce \u201eGliwicki bud\u017cet obywatelski\u201d.<\/em><\/p>\n<p><em>G\u0142os w formie elektronicznej b\u0119dzie mo\u017cna odda\u0107 na elektronicznych formularzach, kt\u00f3re b\u0119d\u0105 dost\u0119pne na stronie internetowej www.gliwice.eu pod has\u0142em \u201eGliwicki Bud\u017cet Obywatelski\u201d od godz. 8.00 w dniu 23 pa\u017adziernika do godz. 20.00 w dniu 13 listopada 2020 r.<\/em><\/p>\n<p><em>Potwierdzenie oddania g\u0142osu nast\u0105pi poprzez zatwierdzenie linku aktywacyjnego przes\u0142anego na adres e-mail (zatwierdzenie odr\u0119bnie dla ka\u017cdego z formularzy).<\/em><\/p>\n<p><em>Jeden adres e-mail mo\u017ce zosta\u0107 wykorzystany do udzia\u0142u w g\u0142osowaniu przez jednego uprawnionego.<\/em><\/p>\n<p><em>G\u0142os w formie papierowej b\u0119dzie mo\u017cna odda\u0107:<\/em><\/p>\n<ul>\n<li><em>wrzucaj\u0105c wype\u0142niony i podpisany formularz do oznakowanych urn na terenie ZSP 12 (wszystkie g\u0142osy zostan\u0105 przekazane do Urz\u0119du Miejskiego);<\/em><\/li>\n<li><em>wrzucaj\u0105c wype\u0142niony i podpisany formularz do oznakowanych urn w holu Biura Obs\u0142ugi Interesant\u00f3w Urz\u0119du Miejskiego w Gliwicach przy ul. Zwyci\u0119stwa 21 (wej\u015bcia od ul. Zwyci\u0119stwa i ul. Wyszy\u0144skiego) oraz w holu filii UM przy ul. Jasnej 31A, w godzinach ich otwarcia,<\/em><\/li>\n<li><em>listownie, przesy\u0142aj\u0105c wype\u0142niony i podpisany formularz na adres Urz\u0119du Miejskiego, ul. Zwyci\u0119stwa 21, 44-100 Gliwice (o fakcie oddania g\u0142osu w terminie decyduje data jego dor\u0119czenia przez operatora pocztowego do siedziby Urz\u0119du),<\/em><\/li>\n<li><em>w przypadku os\u00f3b, kt\u00f3rym rodzaj niepe\u0142nosprawno\u015bci uniemo\u017cliwia oddanie g\u0142osu \u2013 za po\u015brednictwem konsultanta ds. os\u00f3b niepe\u0142nosprawnych w Biurze Obs\u0142ugi Interesant\u00f3w UM przy ul. Zwyci\u0119stwa 21, w godzinach urz\u0119dowania (za okazaniem dokumentu potwierdzaj\u0105cego dane osobowe).<\/em><\/li>\n<\/ul>\n<p><em>Z g\u00f3ry dzi\u0119kujemy za okazane wsparcie!<\/em><\/p>\nngg_shortcode_0_placeholder\n<p>&nbsp;<\/p>\n<p>&nbsp;<\/p>\n","protected":false},"excerpt":{"rendered":"<p>https:\/\/edukacja.gliwice.eu\/aktualnosci\/oswiata\/zatorze-naprawde-aktywne Dobiega ko\u0144ca realizacja zadania \u201eAktywne Zatorze\u201d, realizowanego w ramach Gliwickiego Bud\u017cetu Obywatelskiego na rok 2020. Od stycznia spotykamy si\u0119 z mieszka\u0144cami \u2013 dzie\u0107mi, m\u0142odzie\u017c\u0105 i seniorami na r\u00f3\u017cnorodnych zaj\u0119ciach,&#8230;<\/p>\n","protected":false},"author":2,"featured_media":6942,"comment_status":"open","ping_status":"open","sticky":false,"template":"","format":"standard","meta":{"inline_featured_image":false,"ngg_post_thumbnail":0,"footnotes":""},"categories":[29],"tags":[],"class_list":["post-6916","post","type-post","status-publish","format-standard","has-post-thumbnail","hentry","category-aktualnosci"],"_links":{"self":[{"href":"https:\/\/zsp12.gliwice.pl\/sp15\/wp-json\/wp\/v2\/posts\/6916"}],"collection":[{"href":"https:\/\/zsp12.gliwice.pl\/sp15\/wp-json\/wp\/v2\/posts"}],"about":[{"href":"https:\/\/zsp12.gliwice.pl\/sp15\/wp-json\/wp\/v2\/types\/post"}],"author":[{"embeddable":true,"href":"https:\/\/zsp12.gliwice.pl\/sp15\/wp-json\/wp\/v2\/users\/2"}],"replies":[{"embeddable":true,"href":"https:\/\/zsp12.gliwice.pl\/sp15\/wp-json\/wp\/v2\/comments?post=6916"}],"version-history":[{"count":2,"href":"https:\/\/zsp12.gliwice.pl\/sp15\/wp-json\/wp\/v2\/posts\/6916\/revisions"}],"predecessor-version":[{"id":6944,"href":"https:\/\/zsp12.gliwice.pl\/sp15\/wp-json\/wp\/v2\/posts\/6916\/revisions\/6944"}],"wp:featuredmedia":[{"embeddable":true,"href":"https:\/\/zsp12.gliwice.pl\/sp15\/wp-json\/wp\/v2\/media\/6942"}],"wp:attachment":[{"href":"https:\/\/zsp12.gliwice.pl\/sp15\/wp-json\/wp\/v2\/media?parent=6916"}],"wp:term":[{"taxonomy":"category","embeddable":true,"href":"https:\/\/zsp12.gliwice.pl\/sp15\/wp-json\/wp\/v2\/categories?post=6916"},{"taxonomy":"post_tag","embeddable":true,"href":"https:\/\/zsp12.gliwice.pl\/sp15\/wp-json\/wp\/v2\/tags?post=6916"}],"curies":[{"name":"wp","href":"https:\/\/api.w.org\/{rel}","templated":true}]}}