{"id":6907,"date":"2020-10-28T15:15:43","date_gmt":"2020-10-28T14:15:43","guid":{"rendered":"http:\/\/zsp12.gliwice.pl\/sp15\/?p=6907"},"modified":"2020-10-28T15:21:17","modified_gmt":"2020-10-28T14:21:17","slug":"narodowe-czytanie-w-szkole","status":"publish","type":"post","link":"https:\/\/zsp12.gliwice.pl\/sp15\/blog\/2020\/10\/28\/narodowe-czytanie-w-szkole\/","title":{"rendered":"Narodowe Czytanie w szkole"},"content":{"rendered":"<p><em>W\u0142\u0105czenie si\u0119 w og\u00f3lnopolsk\u0105 akcj\u0119 pod patronatem Prezydenta RP \u2013 Narodowe Czytanie 2020 \u2013 by\u0142o w tym roku, z racji epidemii Covid-19, nietypowe. Nie wybrali\u015bmy si\u0119 grup\u0105, jak to by\u0142o od lat w&nbsp; zwyczaju, do Biblioforum, tylko w zaciszu naszej szkolnej biblioteki 25 wrze\u015bnia czytali\u015bmy \u201eBalladyn\u0119\u201d Juliusza S\u0142owackiego pod opiek\u0105 naszych nauczycielek polonistek \u2013 pani Ma\u0142gorzaty Drzewieckiej i pani Gra\u017cyny Mi\u0119tus.<\/em><\/p>\n<p><em>Zaprezentowali\u015bmy w partiach dialogowych i monologowych fragmenty dramatu. Tego zadania podj\u0119li si\u0119 nast\u0119puj\u0105cy uczniowie:&nbsp; Oliwia \u015awistak, Amelia Je\u0142owicka, Jakub Kurowski, Bartosz Wyszomirski, Anastazja Anio\u0142-Chojnacka z kl. 7a,&nbsp; Zofia Sztaba, Vladyslav Makar, Wioletta DiMaio z kl. 6a, Natalia Romik, Julia Rudner, Martyna Nikodem z klasy 6b oraz Aleksandra Franz z kl. 5a. Sprawi\u0142o nam to przyjemno\u015b\u0107 i rozbudzi\u0142o ciekawo\u015b\u0107 dzie\u0142em Juliusza S\u0142owackiego.<\/em><\/p>\n<p><em>Wszyscy uczniowie byli bardzo dobrze przygotowani. Czekamy na kolejn\u0105 edycj\u0119 Narodowego Czytania z nadziej\u0105, \u017ce za rok uda nam si\u0119 spotka\u0107 w tym wyj\u0105tkowym dniu w Biblioforum.<\/em><\/p>\n<p style=\"text-align: right\"><em>Gra\u017cyna Mi\u0119tus<\/em><\/p>\nngg_shortcode_0_placeholder\n","protected":false},"excerpt":{"rendered":"<p>W\u0142\u0105czenie si\u0119 w og\u00f3lnopolsk\u0105 akcj\u0119 pod patronatem Prezydenta RP \u2013 Narodowe Czytanie 2020 \u2013 by\u0142o w tym roku, z racji epidemii Covid-19, nietypowe. Nie wybrali\u015bmy si\u0119 grup\u0105, jak to by\u0142o&#8230;<\/p>\n","protected":false},"author":2,"featured_media":6914,"comment_status":"open","ping_status":"open","sticky":false,"template":"","format":"standard","meta":{"inline_featured_image":false,"ngg_post_thumbnail":0,"footnotes":""},"categories":[29],"tags":[],"class_list":["post-6907","post","type-post","status-publish","format-standard","has-post-thumbnail","hentry","category-aktualnosci"],"_links":{"self":[{"href":"https:\/\/zsp12.gliwice.pl\/sp15\/wp-json\/wp\/v2\/posts\/6907"}],"collection":[{"href":"https:\/\/zsp12.gliwice.pl\/sp15\/wp-json\/wp\/v2\/posts"}],"about":[{"href":"https:\/\/zsp12.gliwice.pl\/sp15\/wp-json\/wp\/v2\/types\/post"}],"author":[{"embeddable":true,"href":"https:\/\/zsp12.gliwice.pl\/sp15\/wp-json\/wp\/v2\/users\/2"}],"replies":[{"embeddable":true,"href":"https:\/\/zsp12.gliwice.pl\/sp15\/wp-json\/wp\/v2\/comments?post=6907"}],"version-history":[{"count":1,"href":"https:\/\/zsp12.gliwice.pl\/sp15\/wp-json\/wp\/v2\/posts\/6907\/revisions"}],"predecessor-version":[{"id":6915,"href":"https:\/\/zsp12.gliwice.pl\/sp15\/wp-json\/wp\/v2\/posts\/6907\/revisions\/6915"}],"wp:featuredmedia":[{"embeddable":true,"href":"https:\/\/zsp12.gliwice.pl\/sp15\/wp-json\/wp\/v2\/media\/6914"}],"wp:attachment":[{"href":"https:\/\/zsp12.gliwice.pl\/sp15\/wp-json\/wp\/v2\/media?parent=6907"}],"wp:term":[{"taxonomy":"category","embeddable":true,"href":"https:\/\/zsp12.gliwice.pl\/sp15\/wp-json\/wp\/v2\/categories?post=6907"},{"taxonomy":"post_tag","embeddable":true,"href":"https:\/\/zsp12.gliwice.pl\/sp15\/wp-json\/wp\/v2\/tags?post=6907"}],"curies":[{"name":"wp","href":"https:\/\/api.w.org\/{rel}","templated":true}]}}