{"id":6662,"date":"2020-09-28T22:20:23","date_gmt":"2020-09-28T20:20:23","guid":{"rendered":"http:\/\/zsp12.gliwice.pl\/sp15\/?p=6662"},"modified":"2020-10-01T09:21:41","modified_gmt":"2020-10-01T07:21:41","slug":"europejski-dzien-jezykow-obcych-2","status":"publish","type":"post","link":"https:\/\/zsp12.gliwice.pl\/sp15\/blog\/2020\/09\/28\/europejski-dzien-jezykow-obcych-2\/","title":{"rendered":"Europejski Dzie\u0144 J\u0119zyk\u00f3w Obcych"},"content":{"rendered":"\n<p><\/p>\n\n\n\n<p><em>W pi\u0105tek, 25 wrze\u015bnia, obchodzili\u015bmy w naszej szkole Europejski Dzie\u0144 J\u0119zyk\u00f3w Obcych. Tego dnia by\u0142o w szkole bardzo rado\u015bnie i kolorowo. Uczniowie ka\u017cdej klasy byli ubrani w barwach flagi wylosowanego pa\u0144stwa. Opr\u00f3cz barwnych i pomys\u0142owych stroj\u00f3w pojawi\u0142y si\u0119 flagi i kotyliony.<\/em><\/p>\n\n\n\n<p><em>Dodatkowo ka\u017cda klasa nagra\u0142a filmik dotycz\u0105cy reprezentowanego pa\u0144stwa. Uczniowie przedstawili ciekawe informacje o swoich pa\u0144stwach oraz nauczyli si\u0119 podstawowych s\u0142\u00f3w i zwrot\u00f3w w nowych j\u0119zykach.<\/em><\/p>\n\n\n\n<p><em>Na lekcjach j\u0119zyk\u00f3w obcych uczniowie rozwi\u0105zywali quizy na temat europejskich pa\u0144stw oraz ogl\u0105dali filmy i bajki w j\u0119zykach obcych.<\/em><\/p>\n\n\n\n<p style=\"text-align:left\"><em>Dzi\u0119kujemy wszystkim uczniom oraz wychowawcom za zaanga\u017cowanie i wsp\u00f3ln\u0105 zabaw\u0119.\u00a0<\/em><\/p>\n\n\n\n<p style=\"text-align:right\"><em>Sylwia Boryczka<\/em><\/p>\n\n\n<div id=\"pl-gb6662-69f082b4a93c6\"  class=\"panel-layout\" ><div id=\"pg-gb6662-69f082b4a93c6-0\"  class=\"panel-grid panel-no-style\" ><div id=\"pgc-gb6662-69f082b4a93c6-0-0\"  class=\"panel-grid-cell\"  data-weight=\"1\" ><div id=\"panel-gb6662-69f082b4a93c6-0-0-0\" class=\"so-panel widget widget_media_video panel-first-child\" data-index=\"0\" data-style=\"{&quot;background_image_attachment&quot;:false,&quot;background_display&quot;:&quot;tile&quot;}\" ><div style=\"width:100%;\" class=\"wp-video\"><!--[if lt IE 9]><script>document.createElement('video');<\/script><![endif]-->\n<video class=\"wp-video-shortcode\" id=\"video-6662-1\" preload=\"metadata\" controls=\"controls\"><source type=\"video\/mp4\" src=\"https:\/\/zsp12.gliwice.pl\/sp15\/wp-content\/uploads\/sites\/11\/2020\/10\/Vid-20200925-Wa0026-1.m4v?_=1\" \/><source type=\"video\/mp4\" src=\"http:\/\/zsp12.gliwice.pl\/sp15\/wp-content\/uploads\/sites\/11\/2020\/10\/Vid-20200925-Wa0026-1.m4v?_=1\" \/><a href=\"https:\/\/zsp12.gliwice.pl\/sp15\/wp-content\/uploads\/sites\/11\/2020\/10\/Vid-20200925-Wa0026-1.m4v\">https:\/\/zsp12.gliwice.pl\/sp15\/wp-content\/uploads\/sites\/11\/2020\/10\/Vid-20200925-Wa0026-1.m4v<\/a><\/video><\/div><\/div><div id=\"panel-gb6662-69f082b4a93c6-0-0-1\" class=\"so-panel widget widget_media_video\" data-index=\"1\" data-style=\"{&quot;background_image_attachment&quot;:false,&quot;background_display&quot;:&quot;tile&quot;}\" ><div style=\"width:100%;\" class=\"wp-video\"><video class=\"wp-video-shortcode\" id=\"video-6662-2\" preload=\"metadata\" controls=\"controls\"><source type=\"video\/mp4\" src=\"https:\/\/zsp12.gliwice.pl\/sp15\/wp-content\/uploads\/sites\/11\/2020\/10\/20200925-095652-11.m4v?_=2\" \/><source type=\"video\/mp4\" src=\"http:\/\/zsp12.gliwice.pl\/sp15\/wp-content\/uploads\/sites\/11\/2020\/10\/20200925-095652-11.m4v?_=2\" \/><a href=\"https:\/\/zsp12.gliwice.pl\/sp15\/wp-content\/uploads\/sites\/11\/2020\/10\/20200925-095652-11.m4v\">https:\/\/zsp12.gliwice.pl\/sp15\/wp-content\/uploads\/sites\/11\/2020\/10\/20200925-095652-11.m4v<\/a><\/video><\/div><\/div><div id=\"panel-gb6662-69f082b4a93c6-0-0-2\" class=\"so-panel widget widget_media_video\" data-index=\"2\" data-style=\"{&quot;background_image_attachment&quot;:false,&quot;background_display&quot;:&quot;tile&quot;}\" ><div style=\"width:100%;\" class=\"wp-video\"><video class=\"wp-video-shortcode\" id=\"video-6662-3\" preload=\"metadata\" controls=\"controls\"><source type=\"video\/mp4\" src=\"https:\/\/zsp12.gliwice.pl\/sp15\/wp-content\/uploads\/sites\/11\/2020\/10\/20200928-113352-11-1.m4v?_=3\" \/><source type=\"video\/mp4\" src=\"http:\/\/zsp12.gliwice.pl\/sp15\/wp-content\/uploads\/sites\/11\/2020\/10\/20200928-113352-11-1.m4v?_=3\" \/><a href=\"https:\/\/zsp12.gliwice.pl\/sp15\/wp-content\/uploads\/sites\/11\/2020\/10\/20200928-113352-11-1.m4v\">https:\/\/zsp12.gliwice.pl\/sp15\/wp-content\/uploads\/sites\/11\/2020\/10\/20200928-113352-11-1.m4v<\/a><\/video><\/div><\/div><div id=\"panel-gb6662-69f082b4a93c6-0-0-3\" class=\"so-panel widget widget_media_video panel-last-child\" data-index=\"3\" data-style=\"{&quot;background_image_attachment&quot;:false,&quot;background_display&quot;:&quot;tile&quot;}\" ><div style=\"width:100%;\" class=\"wp-video\"><video class=\"wp-video-shortcode\" id=\"video-6662-4\" preload=\"metadata\" controls=\"controls\"><source type=\"video\/mp4\" src=\"https:\/\/zsp12.gliwice.pl\/sp15\/wp-content\/uploads\/sites\/11\/2020\/09\/video-1601127192.mp4?_=4\" \/><source type=\"video\/mp4\" src=\"http:\/\/zsp12.gliwice.pl\/sp15\/wp-content\/uploads\/sites\/11\/2020\/09\/video-1601127192.mp4?_=4\" \/><a href=\"https:\/\/zsp12.gliwice.pl\/sp15\/wp-content\/uploads\/sites\/11\/2020\/09\/video-1601127192.mp4\">https:\/\/zsp12.gliwice.pl\/sp15\/wp-content\/uploads\/sites\/11\/2020\/09\/video-1601127192.mp4<\/a><\/video><\/div><\/div><\/div><\/div><\/div>\n\n<div id=\"pl-gb6662-69f082b4ac4a2\"  class=\"panel-layout\" ><div id=\"pg-gb6662-69f082b4ac4a2-0\"  class=\"panel-grid panel-no-style\" ><div id=\"pgc-gb6662-69f082b4ac4a2-0-0\"  class=\"panel-grid-cell\"  data-weight=\"1\" ><div id=\"panel-gb6662-69f082b4ac4a2-0-0-0\" class=\"so-panel widget widget_media_video panel-first-child\" data-index=\"0\" data-style=\"{&quot;background_image_attachment&quot;:false,&quot;background_display&quot;:&quot;tile&quot;}\" ><div style=\"width:100%;\" class=\"wp-video\"><video class=\"wp-video-shortcode\" id=\"video-6662-5\" preload=\"metadata\" controls=\"controls\"><source type=\"video\/mp4\" src=\"https:\/\/zsp12.gliwice.pl\/sp15\/wp-content\/uploads\/sites\/11\/2020\/09\/20200925-092603-1.m4v?_=5\" \/><source type=\"video\/mp4\" src=\"http:\/\/zsp12.gliwice.pl\/sp15\/wp-content\/uploads\/sites\/11\/2020\/09\/20200925-092603-1.m4v?_=5\" \/><a href=\"https:\/\/zsp12.gliwice.pl\/sp15\/wp-content\/uploads\/sites\/11\/2020\/09\/20200925-092603-1.m4v\">https:\/\/zsp12.gliwice.pl\/sp15\/wp-content\/uploads\/sites\/11\/2020\/09\/20200925-092603-1.m4v<\/a><\/video><\/div><\/div><div id=\"panel-gb6662-69f082b4ac4a2-0-0-1\" class=\"so-panel widget widget_media_video\" data-index=\"1\" data-style=\"{&quot;background_image_attachment&quot;:false,&quot;background_display&quot;:&quot;tile&quot;}\" ><div style=\"width:100%;\" class=\"wp-video\"><video class=\"wp-video-shortcode\" id=\"video-6662-6\" preload=\"metadata\" controls=\"controls\"><source type=\"video\/mp4\" src=\"https:\/\/zsp12.gliwice.pl\/sp15\/wp-content\/uploads\/sites\/11\/2020\/09\/Europejski-Dzie\u0144-J\u0119zyk\u00f3w-Iiib-1.m4v?_=6\" \/><source type=\"video\/mp4\" src=\"http:\/\/zsp12.gliwice.pl\/sp15\/wp-content\/uploads\/sites\/11\/2020\/09\/Europejski-Dzie\u0144-J\u0119zyk\u00f3w-Iiib-1.m4v?_=6\" \/><a href=\"https:\/\/zsp12.gliwice.pl\/sp15\/wp-content\/uploads\/sites\/11\/2020\/09\/Europejski-Dzie\u0144-J\u0119zyk\u00f3w-Iiib-1.m4v\">https:\/\/zsp12.gliwice.pl\/sp15\/wp-content\/uploads\/sites\/11\/2020\/09\/Europejski-Dzie\u0144-J\u0119zyk\u00f3w-Iiib-1.m4v<\/a><\/video><\/div><\/div><div id=\"panel-gb6662-69f082b4ac4a2-0-0-2\" class=\"so-panel widget widget_media_video\" data-index=\"2\" data-style=\"{&quot;background_image_attachment&quot;:false,&quot;background_display&quot;:&quot;tile&quot;}\" ><div style=\"width:100%;\" class=\"wp-video\"><video class=\"wp-video-shortcode\" id=\"video-6662-7\" preload=\"metadata\" controls=\"controls\"><source type=\"video\/mp4\" src=\"https:\/\/zsp12.gliwice.pl\/sp15\/wp-content\/uploads\/sites\/11\/2020\/09\/Klasa-6A-Trim-1.m4v?_=7\" \/><source type=\"video\/mp4\" src=\"http:\/\/zsp12.gliwice.pl\/sp15\/wp-content\/uploads\/sites\/11\/2020\/09\/Klasa-6A-Trim-1.m4v?_=7\" \/><a href=\"https:\/\/zsp12.gliwice.pl\/sp15\/wp-content\/uploads\/sites\/11\/2020\/09\/Klasa-6A-Trim-1.m4v\">https:\/\/zsp12.gliwice.pl\/sp15\/wp-content\/uploads\/sites\/11\/2020\/09\/Klasa-6A-Trim-1.m4v<\/a><\/video><\/div><\/div><div id=\"panel-gb6662-69f082b4ac4a2-0-0-3\" class=\"so-panel widget widget_media_video panel-last-child\" data-index=\"3\" data-style=\"{&quot;background_image_attachment&quot;:false,&quot;background_display&quot;:&quot;tile&quot;}\" ><div style=\"width:100%;\" class=\"wp-video\"><video class=\"wp-video-shortcode\" id=\"video-6662-8\" preload=\"metadata\" controls=\"controls\"><source type=\"video\/mp4\" src=\"https:\/\/zsp12.gliwice.pl\/sp15\/wp-content\/uploads\/sites\/11\/2020\/09\/Film-Klasa-7A-11.m4v?_=8\" \/><source type=\"video\/mp4\" src=\"http:\/\/zsp12.gliwice.pl\/sp15\/wp-content\/uploads\/sites\/11\/2020\/09\/Film-Klasa-7A-11.m4v?_=8\" \/><a href=\"https:\/\/zsp12.gliwice.pl\/sp15\/wp-content\/uploads\/sites\/11\/2020\/09\/Film-Klasa-7A-11.m4v\">https:\/\/zsp12.gliwice.pl\/sp15\/wp-content\/uploads\/sites\/11\/2020\/09\/Film-Klasa-7A-11.m4v<\/a><\/video><\/div><\/div><\/div><\/div><div id=\"pg-gb6662-69f082b4ac4a2-1\"  class=\"panel-grid panel-no-style\"  data-style=\"{&quot;background_image_attachment&quot;:false,&quot;background_display&quot;:&quot;tile&quot;,&quot;full_height&quot;:&quot;&quot;,&quot;cell_alignment&quot;:&quot;flex-start&quot;,&quot;parallax&quot;:&quot;&quot;}\" ><div id=\"pgc-gb6662-69f082b4ac4a2-1-0\"  class=\"panel-grid-cell panel-grid-cell-empty\"  data-weight=\"1\" ><\/div><\/div><\/div>\n\n\nngg_shortcode_0_placeholder\n","protected":false},"excerpt":{"rendered":"<p>W pi\u0105tek, 25 wrze\u015bnia, obchodzili\u015bmy w naszej szkole Europejski Dzie\u0144 J\u0119zyk\u00f3w Obcych. Tego dnia by\u0142o w szkole bardzo rado\u015bnie i kolorowo. Uczniowie ka\u017cdej klasy byli ubrani w barwach flagi wylosowanego&#8230;<\/p>\n","protected":false},"author":2,"featured_media":6688,"comment_status":"open","ping_status":"open","sticky":false,"template":"","format":"standard","meta":{"inline_featured_image":false,"ngg_post_thumbnail":0,"footnotes":""},"categories":[29],"tags":[],"class_list":["post-6662","post","type-post","status-publish","format-standard","has-post-thumbnail","hentry","category-aktualnosci"],"_links":{"self":[{"href":"https:\/\/zsp12.gliwice.pl\/sp15\/wp-json\/wp\/v2\/posts\/6662"}],"collection":[{"href":"https:\/\/zsp12.gliwice.pl\/sp15\/wp-json\/wp\/v2\/posts"}],"about":[{"href":"https:\/\/zsp12.gliwice.pl\/sp15\/wp-json\/wp\/v2\/types\/post"}],"author":[{"embeddable":true,"href":"https:\/\/zsp12.gliwice.pl\/sp15\/wp-json\/wp\/v2\/users\/2"}],"replies":[{"embeddable":true,"href":"https:\/\/zsp12.gliwice.pl\/sp15\/wp-json\/wp\/v2\/comments?post=6662"}],"version-history":[{"count":7,"href":"https:\/\/zsp12.gliwice.pl\/sp15\/wp-json\/wp\/v2\/posts\/6662\/revisions"}],"predecessor-version":[{"id":6692,"href":"https:\/\/zsp12.gliwice.pl\/sp15\/wp-json\/wp\/v2\/posts\/6662\/revisions\/6692"}],"wp:featuredmedia":[{"embeddable":true,"href":"https:\/\/zsp12.gliwice.pl\/sp15\/wp-json\/wp\/v2\/media\/6688"}],"wp:attachment":[{"href":"https:\/\/zsp12.gliwice.pl\/sp15\/wp-json\/wp\/v2\/media?parent=6662"}],"wp:term":[{"taxonomy":"category","embeddable":true,"href":"https:\/\/zsp12.gliwice.pl\/sp15\/wp-json\/wp\/v2\/categories?post=6662"},{"taxonomy":"post_tag","embeddable":true,"href":"https:\/\/zsp12.gliwice.pl\/sp15\/wp-json\/wp\/v2\/tags?post=6662"}],"curies":[{"name":"wp","href":"https:\/\/api.w.org\/{rel}","templated":true}]}}