{"id":6650,"date":"2020-09-28T16:56:06","date_gmt":"2020-09-28T14:56:06","guid":{"rendered":"http:\/\/zsp12.gliwice.pl\/sp15\/?p=6650"},"modified":"2020-09-28T16:56:06","modified_gmt":"2020-09-28T14:56:06","slug":"jesienne-nasadzenia-w-szkolnym-ogrodzie","status":"publish","type":"post","link":"https:\/\/zsp12.gliwice.pl\/sp15\/blog\/2020\/09\/28\/jesienne-nasadzenia-w-szkolnym-ogrodzie\/","title":{"rendered":"Jesienne nasadzenia w szkolnym ogrodzie"},"content":{"rendered":"<p><em>Uczniowie klasy 6a oraz 6b pod opiek\u0105 Barbary Zasadzie\u0144 rozpocz\u0119li jesienne prace w szkolnym&nbsp;ogrodzie. W czasie pozalekcyjnych zaj\u0119\u0107 przyrodniczych wzbogacili szkolny ogr\u00f3d o nowe gatunki bylin oraz drzew. Wykorzystali\u015bmy ostatnie s\u0142oneczne chwile tworz\u0105c kwiatow\u0105 rabat\u0119 oraz upi\u0119kszaj\u0105&nbsp;teren wok\u00f3\u0142 placu zabaw!<\/em><\/p>\n<p style=\"text-align: right\"><em>Barbara Zasadzie\u0144<\/em><\/p>\nngg_shortcode_0_placeholder\n","protected":false},"excerpt":{"rendered":"<p>Uczniowie klasy 6a oraz 6b pod opiek\u0105 Barbary Zasadzie\u0144 rozpocz\u0119li jesienne prace w szkolnym&nbsp;ogrodzie. W czasie pozalekcyjnych zaj\u0119\u0107 przyrodniczych wzbogacili szkolny ogr\u00f3d o nowe gatunki bylin oraz drzew. Wykorzystali\u015bmy ostatnie&#8230;<\/p>\n","protected":false},"author":2,"featured_media":6660,"comment_status":"open","ping_status":"open","sticky":false,"template":"","format":"standard","meta":{"inline_featured_image":false,"ngg_post_thumbnail":0,"footnotes":""},"categories":[29],"tags":[],"class_list":["post-6650","post","type-post","status-publish","format-standard","has-post-thumbnail","hentry","category-aktualnosci"],"_links":{"self":[{"href":"https:\/\/zsp12.gliwice.pl\/sp15\/wp-json\/wp\/v2\/posts\/6650"}],"collection":[{"href":"https:\/\/zsp12.gliwice.pl\/sp15\/wp-json\/wp\/v2\/posts"}],"about":[{"href":"https:\/\/zsp12.gliwice.pl\/sp15\/wp-json\/wp\/v2\/types\/post"}],"author":[{"embeddable":true,"href":"https:\/\/zsp12.gliwice.pl\/sp15\/wp-json\/wp\/v2\/users\/2"}],"replies":[{"embeddable":true,"href":"https:\/\/zsp12.gliwice.pl\/sp15\/wp-json\/wp\/v2\/comments?post=6650"}],"version-history":[{"count":1,"href":"https:\/\/zsp12.gliwice.pl\/sp15\/wp-json\/wp\/v2\/posts\/6650\/revisions"}],"predecessor-version":[{"id":6661,"href":"https:\/\/zsp12.gliwice.pl\/sp15\/wp-json\/wp\/v2\/posts\/6650\/revisions\/6661"}],"wp:featuredmedia":[{"embeddable":true,"href":"https:\/\/zsp12.gliwice.pl\/sp15\/wp-json\/wp\/v2\/media\/6660"}],"wp:attachment":[{"href":"https:\/\/zsp12.gliwice.pl\/sp15\/wp-json\/wp\/v2\/media?parent=6650"}],"wp:term":[{"taxonomy":"category","embeddable":true,"href":"https:\/\/zsp12.gliwice.pl\/sp15\/wp-json\/wp\/v2\/categories?post=6650"},{"taxonomy":"post_tag","embeddable":true,"href":"https:\/\/zsp12.gliwice.pl\/sp15\/wp-json\/wp\/v2\/tags?post=6650"}],"curies":[{"name":"wp","href":"https:\/\/api.w.org\/{rel}","templated":true}]}}