{"id":6606,"date":"2020-09-27T14:05:27","date_gmt":"2020-09-27T12:05:27","guid":{"rendered":"http:\/\/zsp12.gliwice.pl\/sp15\/?p=6606"},"modified":"2020-09-27T15:24:45","modified_gmt":"2020-09-27T13:24:45","slug":"45-memorial-zenona-seka","status":"publish","type":"post","link":"https:\/\/zsp12.gliwice.pl\/sp15\/blog\/2020\/09\/27\/45-memorial-zenona-seka\/","title":{"rendered":"45 Memoria\u0142 Zenona S\u0119ka"},"content":{"rendered":"<p><em>23 i 24 wrze\u015bnia na stadionie lekkoatletycznym przy ul. Syriusza odby\u0142y si\u0119 otwarte Mistrzostwa Gliwic dla uczni\u00f3w Szk\u00f3\u0142 Podstawowych w lekkiej atletyce.<\/em><\/p>\n<p><em>Uczniowie naszej szko\u0142y rywalizowali w skoku w dal oraz biegach na 60m, 100m, 200m i 300m.<\/em><\/p>\n<p><em>Szczeg\u00f3lne s\u0142owa uznania nale\u017c\u0105 si\u0119 naszym uczniom, kt\u00f3rzy zdobyli czo\u0142owe lokaty w klasyfikacji indywidualnej:<\/em><br \/>\n<em>1 miejsce w skoku w dal zdoby\u0142 ucze\u0144 klasy 7 &#8211; Bartosz Wyszomirski<\/em><br \/>\n<em>2 miejsce w biegu na 200m zdoby\u0142a uczennica klasy 7 &#8211; Natalia Romik<\/em><\/p>\n<p><em>Pozosta\u0142ym uczniom, kt\u00f3rzy wzi\u0119li udzia\u0142 w zawodach dzi\u0119kujemy za uczestnictwo, zaanga\u017cowanie i dzielne reprezentowanie naszej szko\u0142y. \u017byczymy ci\u0105g\u0142ego rozwoju w poszczeg\u00f3lnych dyscyplinach sportowych i zdobywania czo\u0142owych lokat w przysz\u0142o\u015bci. <\/em><\/p>\n<p style=\"text-align: right\"><em>Joanna Kope\u0107<\/em><\/p>\nngg_shortcode_0_placeholder\n","protected":false},"excerpt":{"rendered":"<p>23 i 24 wrze\u015bnia na stadionie lekkoatletycznym przy ul. Syriusza odby\u0142y si\u0119 otwarte Mistrzostwa Gliwic dla uczni\u00f3w Szk\u00f3\u0142 Podstawowych w lekkiej atletyce. Uczniowie naszej szko\u0142y rywalizowali w skoku w dal&#8230;<\/p>\n","protected":false},"author":2,"featured_media":6632,"comment_status":"open","ping_status":"open","sticky":false,"template":"","format":"standard","meta":{"inline_featured_image":false,"ngg_post_thumbnail":0,"footnotes":""},"categories":[29],"tags":[],"class_list":["post-6606","post","type-post","status-publish","format-standard","has-post-thumbnail","hentry","category-aktualnosci"],"_links":{"self":[{"href":"https:\/\/zsp12.gliwice.pl\/sp15\/wp-json\/wp\/v2\/posts\/6606"}],"collection":[{"href":"https:\/\/zsp12.gliwice.pl\/sp15\/wp-json\/wp\/v2\/posts"}],"about":[{"href":"https:\/\/zsp12.gliwice.pl\/sp15\/wp-json\/wp\/v2\/types\/post"}],"author":[{"embeddable":true,"href":"https:\/\/zsp12.gliwice.pl\/sp15\/wp-json\/wp\/v2\/users\/2"}],"replies":[{"embeddable":true,"href":"https:\/\/zsp12.gliwice.pl\/sp15\/wp-json\/wp\/v2\/comments?post=6606"}],"version-history":[{"count":1,"href":"https:\/\/zsp12.gliwice.pl\/sp15\/wp-json\/wp\/v2\/posts\/6606\/revisions"}],"predecessor-version":[{"id":6630,"href":"https:\/\/zsp12.gliwice.pl\/sp15\/wp-json\/wp\/v2\/posts\/6606\/revisions\/6630"}],"wp:featuredmedia":[{"embeddable":true,"href":"https:\/\/zsp12.gliwice.pl\/sp15\/wp-json\/wp\/v2\/media\/6632"}],"wp:attachment":[{"href":"https:\/\/zsp12.gliwice.pl\/sp15\/wp-json\/wp\/v2\/media?parent=6606"}],"wp:term":[{"taxonomy":"category","embeddable":true,"href":"https:\/\/zsp12.gliwice.pl\/sp15\/wp-json\/wp\/v2\/categories?post=6606"},{"taxonomy":"post_tag","embeddable":true,"href":"https:\/\/zsp12.gliwice.pl\/sp15\/wp-json\/wp\/v2\/tags?post=6606"}],"curies":[{"name":"wp","href":"https:\/\/api.w.org\/{rel}","templated":true}]}}