{"id":6434,"date":"2020-09-18T12:37:16","date_gmt":"2020-09-18T10:37:16","guid":{"rendered":"http:\/\/zsp12.gliwice.pl\/sp15\/?p=6434"},"modified":"2020-09-27T13:49:05","modified_gmt":"2020-09-27T11:49:05","slug":"wycieczka-integracyjna-dla-klas-pierwszych","status":"publish","type":"post","link":"https:\/\/zsp12.gliwice.pl\/sp15\/blog\/2020\/09\/18\/wycieczka-integracyjna-dla-klas-pierwszych\/","title":{"rendered":"Wycieczka integracyjna dla klas pierwszych"},"content":{"rendered":"<p><em>W dniu 4 wrze\u015bnia 2020 roku uczniowie trzech klas pierwszych Szko\u0142y Podstawowej nr 15 przy Zespole Szkolno \u2013 Przedszkolnym nr 12 w Gliwicach uczestniczyli w wycieczce integracyjnej do Ogrodu Botanicznego w Miko\u0142owie. Na miejscu zaplanowano: warsztaty terenowe, zwiedzanie ogrodu, gry i zabawy oraz pieczenie kie\u0142basek. Zaj\u0119cia odbywa\u0142y si\u0119 na wolnym powietrzu, wszystkim dopisywa\u0142y wspania\u0142e humory. Uczniowie mieli okazj\u0119 do wsp\u00f3lnej zabawy oraz poznawania przyrody. By\u0142a to okazja do zawi\u0105zywania nowych przyja\u017ani i integracji uczni\u00f3w.<\/em><\/p>\n<p style=\"text-align: right\"><em>Ewa Czerwie\u0144-Skipia\u0142a<\/em><\/p>\nngg_shortcode_0_placeholder\n","protected":false},"excerpt":{"rendered":"<p>W dniu 4 wrze\u015bnia 2020 roku uczniowie trzech klas pierwszych Szko\u0142y Podstawowej nr 15 przy Zespole Szkolno \u2013 Przedszkolnym nr 12 w Gliwicach uczestniczyli w wycieczce integracyjnej do Ogrodu Botanicznego&#8230;<\/p>\n","protected":false},"author":2,"featured_media":6435,"comment_status":"open","ping_status":"open","sticky":false,"template":"","format":"standard","meta":{"inline_featured_image":false,"ngg_post_thumbnail":0,"footnotes":""},"categories":[29],"tags":[],"class_list":["post-6434","post","type-post","status-publish","format-standard","has-post-thumbnail","hentry","category-aktualnosci"],"_links":{"self":[{"href":"https:\/\/zsp12.gliwice.pl\/sp15\/wp-json\/wp\/v2\/posts\/6434"}],"collection":[{"href":"https:\/\/zsp12.gliwice.pl\/sp15\/wp-json\/wp\/v2\/posts"}],"about":[{"href":"https:\/\/zsp12.gliwice.pl\/sp15\/wp-json\/wp\/v2\/types\/post"}],"author":[{"embeddable":true,"href":"https:\/\/zsp12.gliwice.pl\/sp15\/wp-json\/wp\/v2\/users\/2"}],"replies":[{"embeddable":true,"href":"https:\/\/zsp12.gliwice.pl\/sp15\/wp-json\/wp\/v2\/comments?post=6434"}],"version-history":[{"count":2,"href":"https:\/\/zsp12.gliwice.pl\/sp15\/wp-json\/wp\/v2\/posts\/6434\/revisions"}],"predecessor-version":[{"id":6605,"href":"https:\/\/zsp12.gliwice.pl\/sp15\/wp-json\/wp\/v2\/posts\/6434\/revisions\/6605"}],"wp:featuredmedia":[{"embeddable":true,"href":"https:\/\/zsp12.gliwice.pl\/sp15\/wp-json\/wp\/v2\/media\/6435"}],"wp:attachment":[{"href":"https:\/\/zsp12.gliwice.pl\/sp15\/wp-json\/wp\/v2\/media?parent=6434"}],"wp:term":[{"taxonomy":"category","embeddable":true,"href":"https:\/\/zsp12.gliwice.pl\/sp15\/wp-json\/wp\/v2\/categories?post=6434"},{"taxonomy":"post_tag","embeddable":true,"href":"https:\/\/zsp12.gliwice.pl\/sp15\/wp-json\/wp\/v2\/tags?post=6434"}],"curies":[{"name":"wp","href":"https:\/\/api.w.org\/{rel}","templated":true}]}}