{"id":6214,"date":"2020-08-26T11:43:19","date_gmt":"2020-08-26T09:43:19","guid":{"rendered":"http:\/\/zsp12.gliwice.pl\/sp15\/?p=6214"},"modified":"2020-08-26T13:04:34","modified_gmt":"2020-08-26T11:04:34","slug":"rozpoczecie-roku-szkolnego-dnia-01-wrzesnia-2020-w-zsp-nr-12","status":"publish","type":"post","link":"https:\/\/zsp12.gliwice.pl\/sp15\/blog\/2020\/08\/26\/rozpoczecie-roku-szkolnego-dnia-01-wrzesnia-2020-w-zsp-nr-12\/","title":{"rendered":"Rozpocz\u0119cie roku szkolnego dnia 01 wrze\u015bnia 2020 w ZSP nr 12"},"content":{"rendered":"<div class=\"entry-description\">\n<p><em><b>Klasy VI\u2013 VII \u2013 godzina 8 <\/b><sup><b>30 <\/b><\/sup><\/em><\/p>\n<p><em>Spotkanie z wychowawcami do godziny 9 <sup>30<br \/>\n<\/sup><\/em><em>Zasady spotkania : obowi\u0105zkowe maseczki, dezynfekcja r\u0105k, do szko\u0142y wchodz\u0105 tylko uczniowie.<\/em><\/p>\n<p><em><b>Klasy IV\u2013 V \u2013 godzina 9<\/b><sup><b>30<\/b><\/sup><\/em><\/p>\n<p><em>Spotkanie z wychowawcami do godziny 10 <sup>30<br \/>\n<\/sup><\/em><em>Zasady spotkania : obowi\u0105zkowe maseczki, dezynfekcja r\u0105k, do szko\u0142y wchodz\u0105 tylko uczniowie.<\/em><\/p>\n<p><em><b>Klasy I \u2013 godzina 10<\/b><sup><b>30<\/b><\/sup><\/em><\/p>\n<p><em>Zasady spotkania: do szko\u0142y z dzieckiem wchodzi jeden rodzic\/opiekun ( bez rodze\u0144stwa )<br \/>\n<\/em><em>Po uroczysty rozpocz\u0119ciu roku szkolnego uczniowie spotykaj\u0105 si\u0119 z wychowawca w klasach do godziny <b>11<\/b><sup><b>45.<\/b><\/sup><b>.<\/b> Do sal lekcyjnych id\u0105 tylko uczniowie rodzice opuszczaj\u0105 budynek.<\/em><\/p>\n<p><em><b>Klasy II\u2013 III \u2013 godzina 11 <\/b><sup><b>30 <\/b><\/sup><\/em><\/p>\n<p><em>Spotkanie z wychowawcami do godziny 12 <sup>30<br \/>\n<\/sup><\/em><em>Zasady spotkania : obowi\u0105zkowe maseczki, dezynfekcja r\u0105k, do szko\u0142y wchodz\u0105 tylko uczniowie.<\/em><\/p>\n<\/div>\n","protected":false},"excerpt":{"rendered":"<p>Klasy VI\u2013 VII \u2013 godzina 8 30 Spotkanie z wychowawcami do godziny 9 30 Zasady spotkania : obowi\u0105zkowe maseczki, dezynfekcja r\u0105k, do szko\u0142y wchodz\u0105 tylko uczniowie. Klasy IV\u2013 V \u2013&#8230;<\/p>\n","protected":false},"author":2,"featured_media":6218,"comment_status":"open","ping_status":"open","sticky":false,"template":"","format":"standard","meta":{"inline_featured_image":false,"ngg_post_thumbnail":0,"footnotes":""},"categories":[29],"tags":[],"class_list":["post-6214","post","type-post","status-publish","format-standard","has-post-thumbnail","hentry","category-aktualnosci"],"_links":{"self":[{"href":"https:\/\/zsp12.gliwice.pl\/sp15\/wp-json\/wp\/v2\/posts\/6214"}],"collection":[{"href":"https:\/\/zsp12.gliwice.pl\/sp15\/wp-json\/wp\/v2\/posts"}],"about":[{"href":"https:\/\/zsp12.gliwice.pl\/sp15\/wp-json\/wp\/v2\/types\/post"}],"author":[{"embeddable":true,"href":"https:\/\/zsp12.gliwice.pl\/sp15\/wp-json\/wp\/v2\/users\/2"}],"replies":[{"embeddable":true,"href":"https:\/\/zsp12.gliwice.pl\/sp15\/wp-json\/wp\/v2\/comments?post=6214"}],"version-history":[{"count":2,"href":"https:\/\/zsp12.gliwice.pl\/sp15\/wp-json\/wp\/v2\/posts\/6214\/revisions"}],"predecessor-version":[{"id":6219,"href":"https:\/\/zsp12.gliwice.pl\/sp15\/wp-json\/wp\/v2\/posts\/6214\/revisions\/6219"}],"wp:featuredmedia":[{"embeddable":true,"href":"https:\/\/zsp12.gliwice.pl\/sp15\/wp-json\/wp\/v2\/media\/6218"}],"wp:attachment":[{"href":"https:\/\/zsp12.gliwice.pl\/sp15\/wp-json\/wp\/v2\/media?parent=6214"}],"wp:term":[{"taxonomy":"category","embeddable":true,"href":"https:\/\/zsp12.gliwice.pl\/sp15\/wp-json\/wp\/v2\/categories?post=6214"},{"taxonomy":"post_tag","embeddable":true,"href":"https:\/\/zsp12.gliwice.pl\/sp15\/wp-json\/wp\/v2\/tags?post=6214"}],"curies":[{"name":"wp","href":"https:\/\/api.w.org\/{rel}","templated":true}]}}