{"id":6201,"date":"2020-08-12T20:18:22","date_gmt":"2020-08-12T18:18:22","guid":{"rendered":"http:\/\/zsp12.gliwice.pl\/sp15\/?p=6201"},"modified":"2020-08-18T12:43:29","modified_gmt":"2020-08-18T10:43:29","slug":"spotkanie-z-rodzicami-dzieci-nowo-przyjetych-na-rok-szkolny-2020-2021-do-klasy-pierwszej-szkoly-podstawowej-nr-15","status":"publish","type":"post","link":"https:\/\/zsp12.gliwice.pl\/sp15\/blog\/2020\/08\/12\/spotkanie-z-rodzicami-dzieci-nowo-przyjetych-na-rok-szkolny-2020-2021-do-klasy-pierwszej-szkoly-podstawowej-nr-15\/","title":{"rendered":"Spotkanie z Rodzicami dzieci nowo przyj\u0119tych na rok szkolny 2020\/2021 do klasy pierwszej Szko\u0142y Podstawowej nr 15"},"content":{"rendered":"<p style=\"text-align: left\"><em>Drodzy Pa\u0144stwo,<\/em><\/p>\n<p style=\"text-align: left\"><em>Dnia <strong>25 sierpnia (wtorek) o godzinie 16:30<\/strong>, zapraszamy do siedziby ZSP nr 12 (Lipowa 29) Rodzic\u00f3w<span style=\"color: #ff0000\"><strong style=\"color: #ff0000\"> dzieci nowo przyj\u0119tych na rok szkolny 2020\/2021 do klasy pierwszej Szko\u0142y Podstawowej nr 15&nbsp;<\/strong><span style=\"color: #ff0000\"><span style=\"color: #000000\">na spotkanie organizacyjne.<\/span><\/span><\/span><\/em><\/p>\n<p><em><u>Zasady spotkania:<\/u><\/em><\/p>\n<ol>\n<li><em>Na zebraniu przychodzi 1 rodzic\/opiekun prawny dziecka.<\/em><\/li>\n<li><em>Na terenie szko\u0142y obowi\u0105zuj\u0105 maseczki. Prosimy o zdezynfekowanie si\u0119 przed wej\u015bciem do szko\u0142y.<\/em><\/li>\n<li><em>Bezwzgl\u0119dnie na teren szko\u0142y nie b\u0119d\u0105 wpuszczane dzieci w \u017cadnym wieku (w\u00f3zki, przedszkolaki, uczniowie itp.)<\/em><\/li>\n<\/ol>\n","protected":false},"excerpt":{"rendered":"<p>Drodzy Pa\u0144stwo, Dnia 25 sierpnia (wtorek) o godzinie 16:30, zapraszamy do siedziby ZSP nr 12 (Lipowa 29) Rodzic\u00f3w dzieci nowo przyj\u0119tych na rok szkolny 2020\/2021 do klasy pierwszej Szko\u0142y Podstawowej&#8230;<\/p>\n","protected":false},"author":2,"featured_media":5532,"comment_status":"open","ping_status":"open","sticky":false,"template":"","format":"standard","meta":{"inline_featured_image":false,"ngg_post_thumbnail":0,"footnotes":""},"categories":[29],"tags":[],"class_list":["post-6201","post","type-post","status-publish","format-standard","has-post-thumbnail","hentry","category-aktualnosci"],"_links":{"self":[{"href":"https:\/\/zsp12.gliwice.pl\/sp15\/wp-json\/wp\/v2\/posts\/6201"}],"collection":[{"href":"https:\/\/zsp12.gliwice.pl\/sp15\/wp-json\/wp\/v2\/posts"}],"about":[{"href":"https:\/\/zsp12.gliwice.pl\/sp15\/wp-json\/wp\/v2\/types\/post"}],"author":[{"embeddable":true,"href":"https:\/\/zsp12.gliwice.pl\/sp15\/wp-json\/wp\/v2\/users\/2"}],"replies":[{"embeddable":true,"href":"https:\/\/zsp12.gliwice.pl\/sp15\/wp-json\/wp\/v2\/comments?post=6201"}],"version-history":[{"count":3,"href":"https:\/\/zsp12.gliwice.pl\/sp15\/wp-json\/wp\/v2\/posts\/6201\/revisions"}],"predecessor-version":[{"id":6213,"href":"https:\/\/zsp12.gliwice.pl\/sp15\/wp-json\/wp\/v2\/posts\/6201\/revisions\/6213"}],"wp:featuredmedia":[{"embeddable":true,"href":"https:\/\/zsp12.gliwice.pl\/sp15\/wp-json\/wp\/v2\/media\/5532"}],"wp:attachment":[{"href":"https:\/\/zsp12.gliwice.pl\/sp15\/wp-json\/wp\/v2\/media?parent=6201"}],"wp:term":[{"taxonomy":"category","embeddable":true,"href":"https:\/\/zsp12.gliwice.pl\/sp15\/wp-json\/wp\/v2\/categories?post=6201"},{"taxonomy":"post_tag","embeddable":true,"href":"https:\/\/zsp12.gliwice.pl\/sp15\/wp-json\/wp\/v2\/tags?post=6201"}],"curies":[{"name":"wp","href":"https:\/\/api.w.org\/{rel}","templated":true}]}}