{"id":6023,"date":"2020-07-09T22:29:45","date_gmt":"2020-07-09T20:29:45","guid":{"rendered":"http:\/\/zsp12.gliwice.pl\/sp15\/?p=6023"},"modified":"2020-07-09T22:29:53","modified_gmt":"2020-07-09T20:29:53","slug":"polkolonie-czwartek-09-07-2020","status":"publish","type":"post","link":"https:\/\/zsp12.gliwice.pl\/sp15\/blog\/2020\/07\/09\/polkolonie-czwartek-09-07-2020\/","title":{"rendered":"P\u00f3\u0142kolonie \u2013 czwartek 09.07.2020"},"content":{"rendered":"<p><em>Nadesz\u0142a pora na zdobywanie grzbietu g\u00f3rskiego Cienk\u00f3w. Wyruszyli\u015bmy z Gliwic o 7.00, a wr\u00f3cili\u015bmy pod szko\u0142\u0119 o 18.00. To by\u0142a nasza najd\u0142u\u017csza wycieczka. Po raz kolejny m\u0142odsi uczestnicy p\u00f3\u0142kolonii cieszyli si\u0119, \u017ce nie s\u0105 w grupach \u201estarszak\u00f3w\u201d. Wyruszyli\u015bmy z Wis\u0142y Malinki. M\u0142odsi szli kr\u00f3tsz\u0105 tras\u0105 &nbsp;&nbsp;&nbsp;&nbsp;&nbsp;&nbsp;( oko\u0142o godziny), starsi za\u015b d\u0142u\u017csz\u0105 (oko\u0142o czterech godzin)\u2026 i dali z Siebie wszystko. Przewodnicy opowiadali nam o ro\u015blinno\u015bci tych teren\u00f3w, uczyli\u015bmy si\u0119 rozpoznawa\u0107 drzewa iglaste i li\u015bciaste, wiemy ju\u017c czym charakteryzuje si\u0119 klon jawor, gdzie mieszka\u0142 i uczy\u0142 si\u0119 skaka\u0107 Adam Ma\u0142ysz oraz dlaczego huba ro\u015bnie nawet na \u015bci\u0119tym pniu drzewa. Dowiedzieli\u015bmy si\u0119 kim s\u0105 strzygi i utopce oraz kto powinien si\u0119 ich wystrzega\u0107. Gdy doszli\u015bmy na szczyt Cienk\u00f3w mogli\u015bmy podziwia\u0107 przecudne widoki. Czekaj\u0105c na pozosta\u0142e grupy bawili\u015bmy si\u0119 na terenie Rancza Cie\u0144k\u00f3w. Podziwiali\u015bmy pi\u0119kne konie, robili\u015bmy zdj\u0119cia i biegali\u015bmy do woli. Zjedli\u015bmy pyszny obiadek i lody. Kupili\u015bmy sobie pami\u0105tki: ciupagi, magnesy, fujarki, owieczki, dzwoneczki. Gdy do\u0142\u0105czy\u0142y do nas grupy starsze przywitali\u015bmy ich oklaskami- nale\u017ca\u0142y si\u0119 im za trud jaki w\u0142o\u017cyli w pokonanie trasy. W d\u00f3\u0142 schodzili\u015bmy p\u00f3\u0142 godziny podziwiaj\u0105c hodowl\u0119 owiec i k\u00f3z. Zobaczyli\u015bmy te\u017c przebiegaj\u0105c\u0105 nam drog\u0119 sarenk\u0119. Po wej\u015bciu do autokar\u00f3w cz\u0119\u015b\u0107 z nas szybko zasn\u0119\u0142a. Chyba jednak si\u0119 zm\u0119czyli\u015bmy.<\/em><\/p>\nngg_shortcode_0_placeholder\n","protected":false},"excerpt":{"rendered":"<p>Nadesz\u0142a pora na zdobywanie grzbietu g\u00f3rskiego Cienk\u00f3w. Wyruszyli\u015bmy z Gliwic o 7.00, a wr\u00f3cili\u015bmy pod szko\u0142\u0119 o 18.00. To by\u0142a nasza najd\u0142u\u017csza wycieczka. Po raz kolejny m\u0142odsi uczestnicy p\u00f3\u0142kolonii cieszyli&#8230;<\/p>\n","protected":false},"author":2,"featured_media":6057,"comment_status":"open","ping_status":"open","sticky":false,"template":"","format":"standard","meta":{"inline_featured_image":false,"ngg_post_thumbnail":0,"footnotes":""},"categories":[29],"tags":[],"class_list":["post-6023","post","type-post","status-publish","format-standard","has-post-thumbnail","hentry","category-aktualnosci"],"_links":{"self":[{"href":"https:\/\/zsp12.gliwice.pl\/sp15\/wp-json\/wp\/v2\/posts\/6023"}],"collection":[{"href":"https:\/\/zsp12.gliwice.pl\/sp15\/wp-json\/wp\/v2\/posts"}],"about":[{"href":"https:\/\/zsp12.gliwice.pl\/sp15\/wp-json\/wp\/v2\/types\/post"}],"author":[{"embeddable":true,"href":"https:\/\/zsp12.gliwice.pl\/sp15\/wp-json\/wp\/v2\/users\/2"}],"replies":[{"embeddable":true,"href":"https:\/\/zsp12.gliwice.pl\/sp15\/wp-json\/wp\/v2\/comments?post=6023"}],"version-history":[{"count":1,"href":"https:\/\/zsp12.gliwice.pl\/sp15\/wp-json\/wp\/v2\/posts\/6023\/revisions"}],"predecessor-version":[{"id":6058,"href":"https:\/\/zsp12.gliwice.pl\/sp15\/wp-json\/wp\/v2\/posts\/6023\/revisions\/6058"}],"wp:featuredmedia":[{"embeddable":true,"href":"https:\/\/zsp12.gliwice.pl\/sp15\/wp-json\/wp\/v2\/media\/6057"}],"wp:attachment":[{"href":"https:\/\/zsp12.gliwice.pl\/sp15\/wp-json\/wp\/v2\/media?parent=6023"}],"wp:term":[{"taxonomy":"category","embeddable":true,"href":"https:\/\/zsp12.gliwice.pl\/sp15\/wp-json\/wp\/v2\/categories?post=6023"},{"taxonomy":"post_tag","embeddable":true,"href":"https:\/\/zsp12.gliwice.pl\/sp15\/wp-json\/wp\/v2\/tags?post=6023"}],"curies":[{"name":"wp","href":"https:\/\/api.w.org\/{rel}","templated":true}]}}