{"id":5618,"date":"2020-06-29T19:44:30","date_gmt":"2020-06-29T17:44:30","guid":{"rendered":"http:\/\/zsp12.gliwice.pl\/sp15\/?p=5618"},"modified":"2020-07-04T18:54:30","modified_gmt":"2020-07-04T16:54:30","slug":"polkolonie-poniedzialek-29-06-2020","status":"publish","type":"post","link":"https:\/\/zsp12.gliwice.pl\/sp15\/blog\/2020\/06\/29\/polkolonie-poniedzialek-29-06-2020\/","title":{"rendered":"P\u00f3\u0142kolonie &#8211; poniedzia\u0142ek 29.06.2020"},"content":{"rendered":"<p><em>W Zespole Szkolno Przedszkolnym nr 12 w Gliwicach rozpocz\u0119\u0142y si\u0119 p\u00f3\u0142kolonie.<\/em><\/p>\n<p><em>Poniedzia\u0142ek 29.06.2020 r \u2013 pierwszy dzie\u0144 p\u00f3\u0142kolonii sp\u0119dzili\u015bmy na terenie Szko\u0142y Podstawowej nr 15.&nbsp; &nbsp; &nbsp; &nbsp; &nbsp; &nbsp; &nbsp;Wszyscy zostali\u015bmy niejako zmuszeni do szybkiego przystosowania si\u0119 do nowych sposob\u00f3w\/ zasad funkcjonowania zwi\u0105zanych z zagro\u017ceniem Covid 19\u2026.i dali\u015bmy rad\u0119!!!.<\/em><\/p>\n<p><em>Wiele si\u0119 dzia\u0142o. Na sali gimnastycznej pani Ela dwoi\u0142a si\u0119 i troi\u0142a by\u015bmy mogli si\u0119 wyszale\u0107<\/em><\/p>\n<p><em>z zachowaniem zasad bezpiecze\u0144stwa. Do tej pory nie byli\u015bmy \u015bwiadomi tego, jak bardzo brakowa\u0142o nam ruchu w towarzystwie r\u00f3wie\u015bnik\u00f3w, zapachu potu i tego cudownego dreszczyku emocji zwi\u0105zanego z rywalizacj\u0105. Odby\u0142o si\u0119 kilka zawod\u00f3w sportowych, a zwyci\u0119zcy chodzili z dumnie podniesion\u0105 g\u0142ow\u0105.<\/em><\/p>\n<p><em>W pracowni biologicznej i chemicznej odbywa\u0142y si\u0119 zaj\u0119cia w ramach Bud\u017cetu Obywatelskiego. Jedna pani Basia nauczy\u0142a nas jak w zabawny spos\u00f3b wyodr\u0119bni\u0107 DNA z owoc\u00f3w ( pomocne okaza\u0142y si\u0119 wiruj\u0105ce podkolan\u00f3wki). Druga pani Basia wspiera\u0142a nas w tworzeniu swojego w\u0142asnego, niepowtarzalnego \u2018Lasu w szkle\/ s\u0142oiku\u201d.<\/em><\/p>\n<p><em>Kilka pa\u0144 postawi\u0142o na zaj\u0119cia plastyczne. Z pani\u0105 Magd\u0105 tworzyli\u015bmy \u201eMinionkowo\u201d- magiczn\u0105 krain\u0119 stwork\u00f3w &nbsp;z recyklingu, okna zaroi\u0142y si\u0119 od barwnych ptak\u00f3w przytwierdzonych do folii spo\u017cywczej, za\u015b romantyczne dziewczyny stworzy\u0142y pami\u0119tniki w kt\u00f3rych zapisz\u0105 swoje najwi\u0119ksze tajemnice.<\/em><\/p>\n<p><em>Z pani\u0105 Asi\u0105 i Edyt\u0105 lepili\u015bmy zwierz\u0105tka i zabawne stworki z masy solnej, kt\u00f3re p\u00f3\u017aniej ozdobili\u015bmy farbkami. Na du\u017cej kartce powsta\u0142o \u201eWakacyjne drzewo\u201d na kt\u00f3rym zamiast li\u015bci widniej\u0105 odbicia naszych d\u0142oni.<\/em><\/p>\n<p><em>Pani Elena pomaga\u0142a nam stworzy\u0107 niepowtarzalne prace z filcu i bibu\u0142y, na kt\u00f3rych nie zabrak\u0142o te\u017c b\u0142yszcz\u0105cych kamieni. Zrobi\u0142o si\u0119 magicznie.<\/em><\/p>\n<p><em>Sp\u0119dzaj\u0105cy dzie\u0144 w towarzystwie pani Natalii tworzyli \u015bwieczniki ze szklanek i soli gruboziarnistej, kt\u00f3re p\u00f3\u017aniej ozdobili farbami, brokatem i cekinami. Gdy w \u015brodku zap\u0142onie \u015bwieczka na \u015bcianie pojawi\u0105 si\u0119 pi\u0119kne refleksy \u015bwietlne. Grupa szala\u0142a te\u017c na magicznym dywanie.<\/em><\/p>\n<p><em>Wi\u0119kszo\u015b\u0107 z nas bawi\u0142a si\u0119 \u015bwietnie.<\/em><\/p>\nngg_shortcode_0_placeholder\n","protected":false},"excerpt":{"rendered":"<p>W Zespole Szkolno Przedszkolnym nr 12 w Gliwicach rozpocz\u0119\u0142y si\u0119 p\u00f3\u0142kolonie. Poniedzia\u0142ek 29.06.2020 r \u2013 pierwszy dzie\u0144 p\u00f3\u0142kolonii sp\u0119dzili\u015bmy na terenie Szko\u0142y Podstawowej nr 15.&nbsp; &nbsp; &nbsp; &nbsp; &nbsp; &nbsp;&#8230;<\/p>\n","protected":false},"author":2,"featured_media":5632,"comment_status":"open","ping_status":"open","sticky":false,"template":"","format":"standard","meta":{"inline_featured_image":false,"ngg_post_thumbnail":0,"footnotes":""},"categories":[29],"tags":[],"class_list":["post-5618","post","type-post","status-publish","format-standard","has-post-thumbnail","hentry","category-aktualnosci"],"_links":{"self":[{"href":"https:\/\/zsp12.gliwice.pl\/sp15\/wp-json\/wp\/v2\/posts\/5618"}],"collection":[{"href":"https:\/\/zsp12.gliwice.pl\/sp15\/wp-json\/wp\/v2\/posts"}],"about":[{"href":"https:\/\/zsp12.gliwice.pl\/sp15\/wp-json\/wp\/v2\/types\/post"}],"author":[{"embeddable":true,"href":"https:\/\/zsp12.gliwice.pl\/sp15\/wp-json\/wp\/v2\/users\/2"}],"replies":[{"embeddable":true,"href":"https:\/\/zsp12.gliwice.pl\/sp15\/wp-json\/wp\/v2\/comments?post=5618"}],"version-history":[{"count":2,"href":"https:\/\/zsp12.gliwice.pl\/sp15\/wp-json\/wp\/v2\/posts\/5618\/revisions"}],"predecessor-version":[{"id":5698,"href":"https:\/\/zsp12.gliwice.pl\/sp15\/wp-json\/wp\/v2\/posts\/5618\/revisions\/5698"}],"wp:featuredmedia":[{"embeddable":true,"href":"https:\/\/zsp12.gliwice.pl\/sp15\/wp-json\/wp\/v2\/media\/5632"}],"wp:attachment":[{"href":"https:\/\/zsp12.gliwice.pl\/sp15\/wp-json\/wp\/v2\/media?parent=5618"}],"wp:term":[{"taxonomy":"category","embeddable":true,"href":"https:\/\/zsp12.gliwice.pl\/sp15\/wp-json\/wp\/v2\/categories?post=5618"},{"taxonomy":"post_tag","embeddable":true,"href":"https:\/\/zsp12.gliwice.pl\/sp15\/wp-json\/wp\/v2\/tags?post=5618"}],"curies":[{"name":"wp","href":"https:\/\/api.w.org\/{rel}","templated":true}]}}