{"id":5598,"date":"2020-06-28T14:48:00","date_gmt":"2020-06-28T12:48:00","guid":{"rendered":"http:\/\/zsp12.gliwice.pl\/sp15\/?p=5598"},"modified":"2020-06-28T14:54:53","modified_gmt":"2020-06-28T12:54:53","slug":"w-roku-szkolnym-2019-2020-nasza-szkola-brala-udzial-w-projekcie-eko-szkola-2020","status":"publish","type":"post","link":"https:\/\/zsp12.gliwice.pl\/sp15\/blog\/2020\/06\/28\/w-roku-szkolnym-2019-2020-nasza-szkola-brala-udzial-w-projekcie-eko-szkola-2020\/","title":{"rendered":"W roku szkolnym 2019\/2020 nasza szko\u0142a bra\u0142a udzia\u0142 w projekcie EKO-SZKO\u0141A 2020"},"content":{"rendered":"<p><em>\u201eEKO \u2013 SZKO\u0141A\u201d to og\u00f3lnopolski projekt edukacyjny skierowany do szk\u00f3\u0142, przedszkoli i plac\u00f3wek edukacyjnych.&nbsp;Powsta\u0142, w celu stworzenia sieci plac\u00f3wek, kt\u00f3re poprzez wsp\u00f3\u0142prac\u0119, b\u0119d\u0119 dzieli\u0107 si\u0119 pomys\u0142ami, jak kszta\u0142towa\u0107 ekologiczn\u0105 \u015bwiadomo\u015b\u0107 m\u0142odego pokolenia.<\/em><\/p>\n<p><em>W czasie lekcji, warsztat\u00f3w pozalekcyjnych oraz r\u00f3\u017cnych projekt\u00f3w uczniowie naszej szko\u0142y podejmowali wiele dzia\u0142a\u0144, kt\u00f3re mog\u0105 by\u0107 niewielkim&nbsp;krokiem w ochronie \u015brodowiska naturalnego. W ten spos\u00f3b kszat\u0142towali\u015bmy tak\u017ce nasz\u0105 wra\u017cliwo\u015b\u0107 na pi\u0119kno otaczaj\u0105cego nas \u015bwiata i potrzeb\u0119 jego ochrony. W\u015br\u00f3d podejmowanych dzia\u0142a\u0144 nale\u017cy wyr\u00f3\u017cni\u0107 zbi\u00f3rk\u0119 cebul kwiat\u00f3w i ich nasadzenia, budow\u0119 budek l\u0119gowych dla ptak\u00f3w, tworzenie karmnik\u00f3w z wykorzystaniem butelek typu PET, zbi\u00f3rki makulatury i elektro\u015bmieci. W okresie gdy bramy szko\u0142y zosta\u0142y zamkni\u0119te uczniowie w swoich domach poznawali przyrod\u0119 wykonuj\u0105c do\u015bwiadczenia z ro\u015blinami, czy tworz\u0105c zielniki.&nbsp;<\/em><\/p>\n<p><em>Za prowadzone dzia\u0142ania nasza szko\u0142a otrzyma\u0142a tytu\u0142&nbsp;\u201eEKO-PLAC\u00d3WKA 2020\u201d a nauczyciel, szkolny koordynator wszystkich dzia\u0142a\u0144 otrzyma\u0142 tytu\u0142 \u201ePROMOTOR EKOLOGII 2020\u201d.<\/em><\/p>\n<p><em>Wszystkim dzi\u0119kujemy za zaanga\u017cowanie!<\/em><\/p>\n<p><a href=\"http:\/\/zsp12.gliwice.pl\/sp15\/wp-content\/uploads\/sites\/11\/2020\/06\/Raport-z-dzia\u0142a\u0144-ekologicznych-w-roku-szkolnym-2019-EkoSzko\u0142a-ZSP-nr-12-Gliwice-1.pdf\">Raport z dzia\u0142a\u0144 ekologicznych w roku szkolnym 2019 EkoSzko\u0142a ZSP nr 12 Gliwice <\/a><\/p>\n<p><img loading=\"lazy\" decoding=\"async\" class=\"aligncenter wp-image-5600 size-large\" src=\"http:\/\/zsp12.gliwice.pl\/sp15\/wp-content\/uploads\/sites\/11\/2020\/06\/eko-szkoly-2020-5-1024x791.png\" alt=\"\" width=\"640\" height=\"494\"><\/p>\n<p><img loading=\"lazy\" decoding=\"async\" class=\"aligncenter wp-image-5599 size-large\" src=\"http:\/\/zsp12.gliwice.pl\/sp15\/wp-content\/uploads\/sites\/11\/2020\/06\/promotorzy-ekologii-Barbara-Zasadzie\u0144-1024x791.png\" alt=\"\" width=\"640\" height=\"494\" srcset=\"https:\/\/zsp12.gliwice.pl\/sp15\/wp-content\/uploads\/sites\/11\/2020\/06\/promotorzy-ekologii-Barbara-Zasadzie\u0144-1024x791.png 1024w, https:\/\/zsp12.gliwice.pl\/sp15\/wp-content\/uploads\/sites\/11\/2020\/06\/promotorzy-ekologii-Barbara-Zasadzie\u0144-300x232.png 300w, https:\/\/zsp12.gliwice.pl\/sp15\/wp-content\/uploads\/sites\/11\/2020\/06\/promotorzy-ekologii-Barbara-Zasadzie\u0144-768x593.png 768w, https:\/\/zsp12.gliwice.pl\/sp15\/wp-content\/uploads\/sites\/11\/2020\/06\/promotorzy-ekologii-Barbara-Zasadzie\u0144-24x19.png 24w, https:\/\/zsp12.gliwice.pl\/sp15\/wp-content\/uploads\/sites\/11\/2020\/06\/promotorzy-ekologii-Barbara-Zasadzie\u0144-36x28.png 36w, https:\/\/zsp12.gliwice.pl\/sp15\/wp-content\/uploads\/sites\/11\/2020\/06\/promotorzy-ekologii-Barbara-Zasadzie\u0144-48x37.png 48w, https:\/\/zsp12.gliwice.pl\/sp15\/wp-content\/uploads\/sites\/11\/2020\/06\/promotorzy-ekologii-Barbara-Zasadzie\u0144.png 1056w\" sizes=\"(max-width: 640px) 100vw, 640px\" \/><\/p>\n","protected":false},"excerpt":{"rendered":"<p>\u201eEKO \u2013 SZKO\u0141A\u201d to og\u00f3lnopolski projekt edukacyjny skierowany do szk\u00f3\u0142, przedszkoli i plac\u00f3wek edukacyjnych.&nbsp;Powsta\u0142, w celu stworzenia sieci plac\u00f3wek, kt\u00f3re poprzez wsp\u00f3\u0142prac\u0119, b\u0119d\u0119 dzieli\u0107 si\u0119 pomys\u0142ami, jak kszta\u0142towa\u0107 ekologiczn\u0105 \u015bwiadomo\u015b\u0107&#8230;<\/p>\n","protected":false},"author":2,"featured_media":5600,"comment_status":"open","ping_status":"open","sticky":false,"template":"","format":"standard","meta":{"inline_featured_image":false,"ngg_post_thumbnail":0,"footnotes":""},"categories":[29,20],"tags":[],"class_list":["post-5598","post","type-post","status-publish","format-standard","has-post-thumbnail","hentry","category-aktualnosci","category-projekty"],"_links":{"self":[{"href":"https:\/\/zsp12.gliwice.pl\/sp15\/wp-json\/wp\/v2\/posts\/5598"}],"collection":[{"href":"https:\/\/zsp12.gliwice.pl\/sp15\/wp-json\/wp\/v2\/posts"}],"about":[{"href":"https:\/\/zsp12.gliwice.pl\/sp15\/wp-json\/wp\/v2\/types\/post"}],"author":[{"embeddable":true,"href":"https:\/\/zsp12.gliwice.pl\/sp15\/wp-json\/wp\/v2\/users\/2"}],"replies":[{"embeddable":true,"href":"https:\/\/zsp12.gliwice.pl\/sp15\/wp-json\/wp\/v2\/comments?post=5598"}],"version-history":[{"count":1,"href":"https:\/\/zsp12.gliwice.pl\/sp15\/wp-json\/wp\/v2\/posts\/5598\/revisions"}],"predecessor-version":[{"id":5602,"href":"https:\/\/zsp12.gliwice.pl\/sp15\/wp-json\/wp\/v2\/posts\/5598\/revisions\/5602"}],"wp:featuredmedia":[{"embeddable":true,"href":"https:\/\/zsp12.gliwice.pl\/sp15\/wp-json\/wp\/v2\/media\/5600"}],"wp:attachment":[{"href":"https:\/\/zsp12.gliwice.pl\/sp15\/wp-json\/wp\/v2\/media?parent=5598"}],"wp:term":[{"taxonomy":"category","embeddable":true,"href":"https:\/\/zsp12.gliwice.pl\/sp15\/wp-json\/wp\/v2\/categories?post=5598"},{"taxonomy":"post_tag","embeddable":true,"href":"https:\/\/zsp12.gliwice.pl\/sp15\/wp-json\/wp\/v2\/tags?post=5598"}],"curies":[{"name":"wp","href":"https:\/\/api.w.org\/{rel}","templated":true}]}}