{"id":5545,"date":"2020-06-03T10:52:50","date_gmt":"2020-06-03T08:52:50","guid":{"rendered":"http:\/\/zsp12.gliwice.pl\/sp15\/?p=5545"},"modified":"2020-06-03T10:58:53","modified_gmt":"2020-06-03T08:58:53","slug":"lista-dzieci-spoza-rejonu-przyjetych-do-klasy-i","status":"publish","type":"post","link":"https:\/\/zsp12.gliwice.pl\/sp15\/blog\/2020\/06\/03\/lista-dzieci-spoza-rejonu-przyjetych-do-klasy-i\/","title":{"rendered":"Lista dzieci spoza rejonu przyj\u0119tych do klasy I SP15 w ZSP12"},"content":{"rendered":"<p style=\"text-align: center\"><em>Przedstawiamy Pa\u0144stwu list\u0119 dzieci spoza rejonu przyj\u0119tych do klasy I w SP 15 w ZSP 12<\/em><\/p>\n<p style=\"text-align: center\"><a href=\"http:\/\/zsp12.gliwice.pl\/sp15\/wp-content\/uploads\/sites\/11\/2020\/06\/Spoza_rejonu.xlsx\">Spoza_rejonu<\/a><\/p>\n<p style=\"text-align: center\">&nbsp;<\/p>\n","protected":false},"excerpt":{"rendered":"<p>Przedstawiamy Pa\u0144stwu list\u0119 dzieci spoza rejonu przyj\u0119tych do klasy I w SP 15 w ZSP 12 Spoza_rejonu &nbsp;<\/p>\n","protected":false},"author":2,"featured_media":16568,"comment_status":"open","ping_status":"open","sticky":false,"template":"","format":"standard","meta":{"inline_featured_image":false,"ngg_post_thumbnail":0,"footnotes":""},"categories":[29,17],"tags":[],"class_list":["post-5545","post","type-post","status-publish","format-standard","has-post-thumbnail","hentry","category-aktualnosci","category-informacje"],"_links":{"self":[{"href":"https:\/\/zsp12.gliwice.pl\/sp15\/wp-json\/wp\/v2\/posts\/5545"}],"collection":[{"href":"https:\/\/zsp12.gliwice.pl\/sp15\/wp-json\/wp\/v2\/posts"}],"about":[{"href":"https:\/\/zsp12.gliwice.pl\/sp15\/wp-json\/wp\/v2\/types\/post"}],"author":[{"embeddable":true,"href":"https:\/\/zsp12.gliwice.pl\/sp15\/wp-json\/wp\/v2\/users\/2"}],"replies":[{"embeddable":true,"href":"https:\/\/zsp12.gliwice.pl\/sp15\/wp-json\/wp\/v2\/comments?post=5545"}],"version-history":[{"count":3,"href":"https:\/\/zsp12.gliwice.pl\/sp15\/wp-json\/wp\/v2\/posts\/5545\/revisions"}],"predecessor-version":[{"id":5552,"href":"https:\/\/zsp12.gliwice.pl\/sp15\/wp-json\/wp\/v2\/posts\/5545\/revisions\/5552"}],"wp:featuredmedia":[{"embeddable":true,"href":"https:\/\/zsp12.gliwice.pl\/sp15\/wp-json\/wp\/v2\/media\/16568"}],"wp:attachment":[{"href":"https:\/\/zsp12.gliwice.pl\/sp15\/wp-json\/wp\/v2\/media?parent=5545"}],"wp:term":[{"taxonomy":"category","embeddable":true,"href":"https:\/\/zsp12.gliwice.pl\/sp15\/wp-json\/wp\/v2\/categories?post=5545"},{"taxonomy":"post_tag","embeddable":true,"href":"https:\/\/zsp12.gliwice.pl\/sp15\/wp-json\/wp\/v2\/tags?post=5545"}],"curies":[{"name":"wp","href":"https:\/\/api.w.org\/{rel}","templated":true}]}}