{"id":5542,"date":"2020-05-29T14:39:59","date_gmt":"2020-05-29T12:39:59","guid":{"rendered":"http:\/\/zsp12.gliwice.pl\/sp15\/?p=5542"},"modified":"2023-06-01T13:40:03","modified_gmt":"2023-06-01T11:40:03","slug":"decyzja-o-nieuruchamianiu-zajec-opiekunczo-wychowawczych","status":"publish","type":"post","link":"https:\/\/zsp12.gliwice.pl\/sp15\/blog\/2020\/05\/29\/decyzja-o-nieuruchamianiu-zajec-opiekunczo-wychowawczych\/","title":{"rendered":"Decyzja o nieuruchamianiu zaj\u0119\u0107 opieku\u0144czo-wychowawczych"},"content":{"rendered":"<p style=\"text-align: justify\"><em>Informujemy, \u017ce w dniu&nbsp; 29 maja 2020 r. Pan Adam Neumann Prezydent Miasta Gliwice <strong>wyrazi\u0142 zgod\u0119 na zawieszenie zaj\u0119\u0107<\/strong> (opieku\u0144czych w klasach I &#8211; III szko\u0142y podstawowej,&nbsp; zaj\u0119\u0107 wczesnego wspomagania rozwoju dziecka, zaj\u0119\u0107 rewalidacyjno-wychowawczych, zaj\u0119\u0107 rewalidacyjnych oraz stacjonarnych konsultacji) w okresie <strong><span style=\"font-family: 'Calibri',sans-serif\">od 1 do 26 czerwca 2020 r.<\/span><\/strong>,&nbsp;ze wzgl\u0119du na du\u017c\u0105 liczb\u0119 dni wolnych od zaj\u0119\u0107 w czerwcu (egzamin \u00f3smoklasisty, egzaminy maturalne, egzaminy zawodowe, Bo\u017ce Cia\u0142o)&nbsp;<strong>zosta\u0142a podj\u0119ta decyzja o nieuruchamianiu zaj\u0119\u0107 opieku\u0144czo-wychowawczych z elementami dydaktyki dla klas 1-3 w szko\u0142ach podstawowych do ko\u0144ca roku szkolnego zaplanowanego na 26 czerwca.<\/strong><\/em><\/p>\n","protected":false},"excerpt":{"rendered":"<p>Informujemy, \u017ce w dniu&nbsp; 29 maja 2020 r. Pan Adam Neumann Prezydent Miasta Gliwice wyrazi\u0142 zgod\u0119 na zawieszenie zaj\u0119\u0107 (opieku\u0144czych w klasach I &#8211; III szko\u0142y podstawowej,&nbsp; zaj\u0119\u0107 wczesnego wspomagania&#8230;<\/p>\n","protected":false},"author":2,"featured_media":5532,"comment_status":"open","ping_status":"open","sticky":false,"template":"","format":"standard","meta":{"inline_featured_image":false,"ngg_post_thumbnail":0,"footnotes":""},"categories":[29],"tags":[],"class_list":["post-5542","post","type-post","status-publish","format-standard","has-post-thumbnail","hentry","category-aktualnosci"],"_links":{"self":[{"href":"https:\/\/zsp12.gliwice.pl\/sp15\/wp-json\/wp\/v2\/posts\/5542"}],"collection":[{"href":"https:\/\/zsp12.gliwice.pl\/sp15\/wp-json\/wp\/v2\/posts"}],"about":[{"href":"https:\/\/zsp12.gliwice.pl\/sp15\/wp-json\/wp\/v2\/types\/post"}],"author":[{"embeddable":true,"href":"https:\/\/zsp12.gliwice.pl\/sp15\/wp-json\/wp\/v2\/users\/2"}],"replies":[{"embeddable":true,"href":"https:\/\/zsp12.gliwice.pl\/sp15\/wp-json\/wp\/v2\/comments?post=5542"}],"version-history":[{"count":1,"href":"https:\/\/zsp12.gliwice.pl\/sp15\/wp-json\/wp\/v2\/posts\/5542\/revisions"}],"predecessor-version":[{"id":5543,"href":"https:\/\/zsp12.gliwice.pl\/sp15\/wp-json\/wp\/v2\/posts\/5542\/revisions\/5543"}],"wp:featuredmedia":[{"embeddable":true,"href":"https:\/\/zsp12.gliwice.pl\/sp15\/wp-json\/wp\/v2\/media\/5532"}],"wp:attachment":[{"href":"https:\/\/zsp12.gliwice.pl\/sp15\/wp-json\/wp\/v2\/media?parent=5542"}],"wp:term":[{"taxonomy":"category","embeddable":true,"href":"https:\/\/zsp12.gliwice.pl\/sp15\/wp-json\/wp\/v2\/categories?post=5542"},{"taxonomy":"post_tag","embeddable":true,"href":"https:\/\/zsp12.gliwice.pl\/sp15\/wp-json\/wp\/v2\/tags?post=5542"}],"curies":[{"name":"wp","href":"https:\/\/api.w.org\/{rel}","templated":true}]}}