{"id":5521,"date":"2020-05-21T15:54:39","date_gmt":"2020-05-21T13:54:39","guid":{"rendered":"http:\/\/zsp12.gliwice.pl\/sp15\/?p=5521"},"modified":"2020-05-21T16:11:44","modified_gmt":"2020-05-21T14:11:44","slug":"przesuniecie-otwarcia-zlobkow-przedszkoli-i-opieki-w-szkolach-podstawowych","status":"publish","type":"post","link":"https:\/\/zsp12.gliwice.pl\/sp15\/blog\/2020\/05\/21\/przesuniecie-otwarcia-zlobkow-przedszkoli-i-opieki-w-szkolach-podstawowych\/","title":{"rendered":"Przesuni\u0119cie otwarcia \u017c\u0142obk\u00f3w, przedszkoli i opieki w szko\u0142ach podstawowych"},"content":{"rendered":"<blockquote><p><em>W zwi\u0105zku ze zwi\u0119kszon\u0105 liczb\u0105 zachorowa\u0144 w naszym mie\u015bcie gliwicki sanepid zwr\u00f3ci\u0142 si\u0119 do Urz\u0119du Miejskiego z wnioskiem o wstrzymanie si\u0119 z otwarciem plac\u00f3wek o\u015bwiatowych. Zgodnie z zaleceniami inspekcji sanitarnej wstrzymujemy otwarcie publicznych \u017c\u0142obk\u00f3w, przedszkoli i opieki wczesnoszkolnej w szko\u0142ach podstawowych. Plac\u00f3wki te zostan\u0105 otwarte najwcze\u015bniej 1 czerwca.<\/em><\/p><\/blockquote>\n<p style=\"text-align: center\"><a href=\"https:\/\/gliwice.eu\/aktualnosci\/miasto\/przesuniecie-otwarcia-zlobkow-przedszkoli-i-opieki-w-szkolach-podstawowych\">https:\/\/gliwice.eu\/aktualnosci\/miasto\/przesuniecie-otwarcia-zlobkow-przedszkoli-i-opieki-w-szkolach-podstawowych<\/a><\/p>\n<p>Obraz&nbsp;<a href=\"https:\/\/pixabay.com\/pl\/users\/geralt-9301\/?utm_source=link-attribution&amp;utm_medium=referral&amp;utm_campaign=image&amp;utm_content=63983\">Gerd Altmann<\/a>&nbsp;z&nbsp;<a href=\"https:\/\/pixabay.com\/pl\/?utm_source=link-attribution&amp;utm_medium=referral&amp;utm_campaign=image&amp;utm_content=63983\">Pixabay<\/a>&nbsp;<\/p>\n","protected":false},"excerpt":{"rendered":"<p>W zwi\u0105zku ze zwi\u0119kszon\u0105 liczb\u0105 zachorowa\u0144 w naszym mie\u015bcie gliwicki sanepid zwr\u00f3ci\u0142 si\u0119 do Urz\u0119du Miejskiego z wnioskiem o wstrzymanie si\u0119 z otwarciem plac\u00f3wek o\u015bwiatowych. Zgodnie z zaleceniami inspekcji sanitarnej&#8230;<\/p>\n","protected":false},"author":2,"featured_media":5532,"comment_status":"open","ping_status":"open","sticky":false,"template":"","format":"standard","meta":{"inline_featured_image":false,"ngg_post_thumbnail":0,"footnotes":""},"categories":[29],"tags":[],"class_list":["post-5521","post","type-post","status-publish","format-standard","has-post-thumbnail","hentry","category-aktualnosci"],"_links":{"self":[{"href":"https:\/\/zsp12.gliwice.pl\/sp15\/wp-json\/wp\/v2\/posts\/5521"}],"collection":[{"href":"https:\/\/zsp12.gliwice.pl\/sp15\/wp-json\/wp\/v2\/posts"}],"about":[{"href":"https:\/\/zsp12.gliwice.pl\/sp15\/wp-json\/wp\/v2\/types\/post"}],"author":[{"embeddable":true,"href":"https:\/\/zsp12.gliwice.pl\/sp15\/wp-json\/wp\/v2\/users\/2"}],"replies":[{"embeddable":true,"href":"https:\/\/zsp12.gliwice.pl\/sp15\/wp-json\/wp\/v2\/comments?post=5521"}],"version-history":[{"count":4,"href":"https:\/\/zsp12.gliwice.pl\/sp15\/wp-json\/wp\/v2\/posts\/5521\/revisions"}],"predecessor-version":[{"id":5533,"href":"https:\/\/zsp12.gliwice.pl\/sp15\/wp-json\/wp\/v2\/posts\/5521\/revisions\/5533"}],"wp:featuredmedia":[{"embeddable":true,"href":"https:\/\/zsp12.gliwice.pl\/sp15\/wp-json\/wp\/v2\/media\/5532"}],"wp:attachment":[{"href":"https:\/\/zsp12.gliwice.pl\/sp15\/wp-json\/wp\/v2\/media?parent=5521"}],"wp:term":[{"taxonomy":"category","embeddable":true,"href":"https:\/\/zsp12.gliwice.pl\/sp15\/wp-json\/wp\/v2\/categories?post=5521"},{"taxonomy":"post_tag","embeddable":true,"href":"https:\/\/zsp12.gliwice.pl\/sp15\/wp-json\/wp\/v2\/tags?post=5521"}],"curies":[{"name":"wp","href":"https:\/\/api.w.org\/{rel}","templated":true}]}}