{"id":5515,"date":"2020-04-23T13:14:42","date_gmt":"2020-04-23T11:14:42","guid":{"rendered":"http:\/\/zsp12.gliwice.pl\/sp15\/?p=5515"},"modified":"2020-04-23T13:14:42","modified_gmt":"2020-04-23T11:14:42","slug":"rekrutacja-do-klasy-i-w-roku-szkolnym-2020-2021","status":"publish","type":"post","link":"https:\/\/zsp12.gliwice.pl\/sp15\/blog\/2020\/04\/23\/rekrutacja-do-klasy-i-w-roku-szkolnym-2020-2021\/","title":{"rendered":"Rekrutacja do klasy I w roku szkolnym 2020\/2021"},"content":{"rendered":"<p><em>Zgodnie z aktualnymi przepisami prawa o\u015bwiatowego obowi\u0105zkiem szkolnym s\u0105 obj\u0119te dzieci od 7 roku \u017cycia. Na wniosek rodzic\u00f3w nauk\u0119 w szkole podstawowej mo\u017ce tak\u017ce rozpocz\u0105\u0107 dziecko, kt\u00f3re w danym roku kalendarzowym ko\u0144czy 6 lat. Dyrektor szko\u0142y podstawowej przyjmuje dziecko sze\u015bcioletnie do klasy pierwszej szko\u0142y podstawowej je\u017celi <\/em><br \/>\n<em>&#8211; korzysta\u0142o ono z wychowania przedszkolnego w roku szkolnym poprzedzaj\u0105cym rok szkolny, w kt\u00f3rym ma rozpocz\u0105\u0107 nauk\u0119 w szkole podstawowej, <\/em><br \/>\n<em>&#8211; lub posiada opini\u0119 o mo\u017cliwo\u015bci rozpocz\u0119cia nauki w szkole podstawowej, wydan\u0105 przez publiczn\u0105 poradni\u0119 psychologiczno-pedagogiczn\u0105 albo niepubliczn\u0105 poradni\u0119 psychologiczno &#8211; pedagogiczn\u0105 za\u0142o\u017con\u0105 zgodnie z art. 168 Ustawy z dnia 14 grudnia 2016r.&nbsp;&nbsp;<\/em><\/p>\n<p><em>Zgodnie z obowi\u0105zuj\u0105cymi przepisami&nbsp;W przypadku dziecka mog\u0105cego podj\u0105\u0107 nauk\u0119 w szkole podstawowej w wieku 6 lat, informacj\u0119 o gotowo\u015bci dziecka do podj\u0119cia nauki w szkole podstawowej wydaje si\u0119 na wniosek rodzic\u00f3w z\u0142o\u017cony nie p\u00f3\u017aniej ni\u017c do dnia 30 wrze\u015bnia roku szkolnego poprzedzaj\u0105cego rok szkolny, w kt\u00f3rym dziecko mo\u017ce rozpocz\u0105\u0107 nauk\u0119 w szkole podstawowej.&nbsp;Od roku szkolnego 2019\/2020 za\u015bwiadczenie o spe\u0142nianiu obowi\u0105zku rocznego przygotowania przedszkolnego wydaje si\u0119 na druku wed\u0142ug wzoru nr 73 okre\u015blonego w za\u0142\u0105czniku nr 3 do rozporz\u0105dzenia.<\/em><\/p>\n<p><em>Podtawa prawna:- USTAWA<\/em><br \/>\n<em>z dnia 14 grudnia 2016 r.<\/em><br \/>\n<em>Prawo o\u015bwiatowe<\/em><br \/>\n<em>(Dz. U. z 2019 r. poz. 1148, 1078, 1287, 1680, 1681, 1818, 2197 i 2248 oraz z 2020 r. poz. 374)<\/em><br \/>\n<em>og\u0142oszono dnia 19 czerwca 2019 r.<\/em><\/p>\n<p><em>&#8211; ROZPORZ\u0104DZENIE MINISTRA EDUKACJI NARODOWEJ<\/em><br \/>\n<em>z dnia 27 sierpnia 2019 r.<\/em><br \/>\n<em>w sprawie \u015bwiadectw, dyplom\u00f3w pa\u0144stwowych i innych druk\u00f3w<\/em><\/p>\n","protected":false},"excerpt":{"rendered":"<p>Zgodnie z aktualnymi przepisami prawa o\u015bwiatowego obowi\u0105zkiem szkolnym s\u0105 obj\u0119te dzieci od 7 roku \u017cycia. Na wniosek rodzic\u00f3w nauk\u0119 w szkole podstawowej mo\u017ce tak\u017ce rozpocz\u0105\u0107 dziecko, kt\u00f3re w danym roku&#8230;<\/p>\n","protected":false},"author":2,"featured_media":16568,"comment_status":"open","ping_status":"open","sticky":false,"template":"","format":"standard","meta":{"inline_featured_image":false,"ngg_post_thumbnail":0,"footnotes":""},"categories":[29],"tags":[],"class_list":["post-5515","post","type-post","status-publish","format-standard","has-post-thumbnail","hentry","category-aktualnosci"],"_links":{"self":[{"href":"https:\/\/zsp12.gliwice.pl\/sp15\/wp-json\/wp\/v2\/posts\/5515"}],"collection":[{"href":"https:\/\/zsp12.gliwice.pl\/sp15\/wp-json\/wp\/v2\/posts"}],"about":[{"href":"https:\/\/zsp12.gliwice.pl\/sp15\/wp-json\/wp\/v2\/types\/post"}],"author":[{"embeddable":true,"href":"https:\/\/zsp12.gliwice.pl\/sp15\/wp-json\/wp\/v2\/users\/2"}],"replies":[{"embeddable":true,"href":"https:\/\/zsp12.gliwice.pl\/sp15\/wp-json\/wp\/v2\/comments?post=5515"}],"version-history":[{"count":1,"href":"https:\/\/zsp12.gliwice.pl\/sp15\/wp-json\/wp\/v2\/posts\/5515\/revisions"}],"predecessor-version":[{"id":5516,"href":"https:\/\/zsp12.gliwice.pl\/sp15\/wp-json\/wp\/v2\/posts\/5515\/revisions\/5516"}],"wp:featuredmedia":[{"embeddable":true,"href":"https:\/\/zsp12.gliwice.pl\/sp15\/wp-json\/wp\/v2\/media\/16568"}],"wp:attachment":[{"href":"https:\/\/zsp12.gliwice.pl\/sp15\/wp-json\/wp\/v2\/media?parent=5515"}],"wp:term":[{"taxonomy":"category","embeddable":true,"href":"https:\/\/zsp12.gliwice.pl\/sp15\/wp-json\/wp\/v2\/categories?post=5515"},{"taxonomy":"post_tag","embeddable":true,"href":"https:\/\/zsp12.gliwice.pl\/sp15\/wp-json\/wp\/v2\/tags?post=5515"}],"curies":[{"name":"wp","href":"https:\/\/api.w.org\/{rel}","templated":true}]}}