{"id":5451,"date":"2020-04-01T11:33:09","date_gmt":"2020-04-01T09:33:09","guid":{"rendered":"http:\/\/zsp12.gliwice.pl\/sp15\/?p=5451"},"modified":"2020-04-02T11:37:11","modified_gmt":"2020-04-02T09:37:11","slug":"ogarniamy-komputery","status":"publish","type":"post","link":"https:\/\/zsp12.gliwice.pl\/sp15\/blog\/2020\/04\/01\/ogarniamy-komputery\/","title":{"rendered":"Ogarniamy Komputery"},"content":{"rendered":"<p><em>Szanowni Pa\u0144stwo,<\/em><br \/>\n<em>W czasie pandemii dzieci i m\u0142odzie\u017c przesz\u0142a na nauczanie zdalne. \u017beby wspom\u00f3c tych, kt\u00f3rzy nie maj\u0105 dost\u0119pu do sprz\u0119tu komputerowego, Stowarzyszenie GTW og\u0142asza wielk\u0105 zbi\u00f3rk\u0119 komputer\u00f3w dla uczni\u00f3w.<\/em><\/p>\n<p><em>Zach\u0119camy do wsparcia akcji &#8220;Ogarniamy komputery. Najpierw dwa potem cztery!&#8221; w ramach kt\u00f3rej mog\u0105 Pa\u0144stwo przekaza\u0107 sw\u00f3j zb\u0119dny sprz\u0119t: komputery, drukarki, laptopy, myszy, klawiatury, monitory, ale te\u017c podzespo\u0142y komputerowe.<\/em><\/p>\n<p><em>Z akcji mog\u0105 skorzysta\u0107 mi\u0119dzy innymi dzieci gliwickich plac\u00f3wek wsparcia dziennego, osoby potrzebuj\u0105ce, rodziny wielodzietne.<\/em><\/p>\n<p><em>Wi\u0119cej szczeg\u00f3\u0142\u00f3w na stronie: <a href=\"http:\/\/www.gtwgliwice.pl\/ogarniamy-komputery.html\" target=\"_blank\" rel=\"noopener\">http:\/\/www.gtwgliwice.pl\/ogarniamy-komputery.html<\/a><\/em><\/p>\n<p><em>W razie pyta\u0144 prosimy o kontakt z Panem Dariuszem Opok\u0105 pod nr tel.: 500 170 516<\/em><img loading=\"lazy\" decoding=\"async\" class=\"aligncenter wp-image-3485 size-full\" src=\"http:\/\/zsp12.gliwice.pl\/pm7\/wp-content\/uploads\/sites\/7\/2020\/04\/Akcja_komputery_logo.png\" alt=\"\" width=\"880\" height=\"315\"><\/p>\n","protected":false},"excerpt":{"rendered":"<p>Szanowni Pa\u0144stwo, W czasie pandemii dzieci i m\u0142odzie\u017c przesz\u0142a na nauczanie zdalne. \u017beby wspom\u00f3c tych, kt\u00f3rzy nie maj\u0105 dost\u0119pu do sprz\u0119tu komputerowego, Stowarzyszenie GTW og\u0142asza wielk\u0105 zbi\u00f3rk\u0119 komputer\u00f3w dla uczni\u00f3w&#8230;.<\/p>\n","protected":false},"author":2,"featured_media":5454,"comment_status":"open","ping_status":"open","sticky":false,"template":"","format":"standard","meta":{"inline_featured_image":false,"ngg_post_thumbnail":0,"footnotes":""},"categories":[29],"tags":[],"class_list":["post-5451","post","type-post","status-publish","format-standard","has-post-thumbnail","hentry","category-aktualnosci"],"_links":{"self":[{"href":"https:\/\/zsp12.gliwice.pl\/sp15\/wp-json\/wp\/v2\/posts\/5451"}],"collection":[{"href":"https:\/\/zsp12.gliwice.pl\/sp15\/wp-json\/wp\/v2\/posts"}],"about":[{"href":"https:\/\/zsp12.gliwice.pl\/sp15\/wp-json\/wp\/v2\/types\/post"}],"author":[{"embeddable":true,"href":"https:\/\/zsp12.gliwice.pl\/sp15\/wp-json\/wp\/v2\/users\/2"}],"replies":[{"embeddable":true,"href":"https:\/\/zsp12.gliwice.pl\/sp15\/wp-json\/wp\/v2\/comments?post=5451"}],"version-history":[{"count":1,"href":"https:\/\/zsp12.gliwice.pl\/sp15\/wp-json\/wp\/v2\/posts\/5451\/revisions"}],"predecessor-version":[{"id":5453,"href":"https:\/\/zsp12.gliwice.pl\/sp15\/wp-json\/wp\/v2\/posts\/5451\/revisions\/5453"}],"wp:featuredmedia":[{"embeddable":true,"href":"https:\/\/zsp12.gliwice.pl\/sp15\/wp-json\/wp\/v2\/media\/5454"}],"wp:attachment":[{"href":"https:\/\/zsp12.gliwice.pl\/sp15\/wp-json\/wp\/v2\/media?parent=5451"}],"wp:term":[{"taxonomy":"category","embeddable":true,"href":"https:\/\/zsp12.gliwice.pl\/sp15\/wp-json\/wp\/v2\/categories?post=5451"},{"taxonomy":"post_tag","embeddable":true,"href":"https:\/\/zsp12.gliwice.pl\/sp15\/wp-json\/wp\/v2\/tags?post=5451"}],"curies":[{"name":"wp","href":"https:\/\/api.w.org\/{rel}","templated":true}]}}