{"id":5411,"date":"2020-03-11T07:02:15","date_gmt":"2020-03-11T06:02:15","guid":{"rendered":"http:\/\/zsp12.gliwice.pl\/sp15\/?p=5411"},"modified":"2020-03-11T07:12:20","modified_gmt":"2020-03-11T06:12:20","slug":"swiatowy-dzien-swiadomosci-autyzmu","status":"publish","type":"post","link":"https:\/\/zsp12.gliwice.pl\/sp15\/blog\/2020\/03\/11\/swiatowy-dzien-swiadomosci-autyzmu\/","title":{"rendered":"\u015awiatowy dzie\u0144 \u015bwiadomo\u015bci autyzmu"},"content":{"rendered":"<p><img loading=\"lazy\" decoding=\"async\" class=\"aligncenter wp-image-3423 size-large\" src=\"http:\/\/zsp12.gliwice.pl\/pm7\/wp-content\/uploads\/sites\/7\/2020\/03\/plakat-autyzm2012-696x1024.jpg\" alt=\"\" width=\"640\" height=\"942\"><\/p>\n<p><em>2 kwietnia obchodzimy <strong>\u015awiatowy dzie\u0144 \u015bwiadomo\u015bci autyzmu<\/strong>. Zach\u0119camy do w\u0142\u0105czenia si\u0119 w akcj\u0119: <strong>Polska na niebiesko<\/strong>. Szczeg\u00f3\u0142y pod adresem fundacji JiM:&nbsp;<\/em><em><a href=\"https:\/\/www.polskananiebiesko.pl\/\">https:\/\/www.polskananiebiesko.pl\/<\/a><\/em><\/p>\n<p><img loading=\"lazy\" decoding=\"async\" class=\"aligncenter wp-image-5412 size-large\" src=\"http:\/\/zsp12.gliwice.pl\/sp15\/wp-content\/uploads\/sites\/11\/2020\/03\/Plakat-PNN-2020-723x1024.jpg\" alt=\"\" width=\"640\" height=\"906\" srcset=\"https:\/\/zsp12.gliwice.pl\/sp15\/wp-content\/uploads\/sites\/11\/2020\/03\/Plakat-PNN-2020-723x1024.jpg 723w, https:\/\/zsp12.gliwice.pl\/sp15\/wp-content\/uploads\/sites\/11\/2020\/03\/Plakat-PNN-2020-212x300.jpg 212w, https:\/\/zsp12.gliwice.pl\/sp15\/wp-content\/uploads\/sites\/11\/2020\/03\/Plakat-PNN-2020-768x1088.jpg 768w, https:\/\/zsp12.gliwice.pl\/sp15\/wp-content\/uploads\/sites\/11\/2020\/03\/Plakat-PNN-2020-17x24.jpg 17w, https:\/\/zsp12.gliwice.pl\/sp15\/wp-content\/uploads\/sites\/11\/2020\/03\/Plakat-PNN-2020-25x36.jpg 25w, https:\/\/zsp12.gliwice.pl\/sp15\/wp-content\/uploads\/sites\/11\/2020\/03\/Plakat-PNN-2020-34x48.jpg 34w, https:\/\/zsp12.gliwice.pl\/sp15\/wp-content\/uploads\/sites\/11\/2020\/03\/Plakat-PNN-2020.jpg 1754w\" sizes=\"(max-width: 640px) 100vw, 640px\" \/><\/p>\n<p style=\"text-align: right\"><em>Katarzyna Jakubowska, logopeda<\/em><\/p>\n<p>&nbsp;<\/p>\n","protected":false},"excerpt":{"rendered":"<p>2 kwietnia obchodzimy \u015awiatowy dzie\u0144 \u015bwiadomo\u015bci autyzmu. Zach\u0119camy do w\u0142\u0105czenia si\u0119 w akcj\u0119: Polska na niebiesko. Szczeg\u00f3\u0142y pod adresem fundacji JiM:&nbsp;https:\/\/www.polskananiebiesko.pl\/ Katarzyna Jakubowska, logopeda &nbsp;<\/p>\n","protected":false},"author":2,"featured_media":5412,"comment_status":"open","ping_status":"open","sticky":false,"template":"","format":"standard","meta":{"inline_featured_image":false,"ngg_post_thumbnail":0,"footnotes":""},"categories":[29],"tags":[],"class_list":["post-5411","post","type-post","status-publish","format-standard","has-post-thumbnail","hentry","category-aktualnosci"],"_links":{"self":[{"href":"https:\/\/zsp12.gliwice.pl\/sp15\/wp-json\/wp\/v2\/posts\/5411"}],"collection":[{"href":"https:\/\/zsp12.gliwice.pl\/sp15\/wp-json\/wp\/v2\/posts"}],"about":[{"href":"https:\/\/zsp12.gliwice.pl\/sp15\/wp-json\/wp\/v2\/types\/post"}],"author":[{"embeddable":true,"href":"https:\/\/zsp12.gliwice.pl\/sp15\/wp-json\/wp\/v2\/users\/2"}],"replies":[{"embeddable":true,"href":"https:\/\/zsp12.gliwice.pl\/sp15\/wp-json\/wp\/v2\/comments?post=5411"}],"version-history":[{"count":2,"href":"https:\/\/zsp12.gliwice.pl\/sp15\/wp-json\/wp\/v2\/posts\/5411\/revisions"}],"predecessor-version":[{"id":5416,"href":"https:\/\/zsp12.gliwice.pl\/sp15\/wp-json\/wp\/v2\/posts\/5411\/revisions\/5416"}],"wp:featuredmedia":[{"embeddable":true,"href":"https:\/\/zsp12.gliwice.pl\/sp15\/wp-json\/wp\/v2\/media\/5412"}],"wp:attachment":[{"href":"https:\/\/zsp12.gliwice.pl\/sp15\/wp-json\/wp\/v2\/media?parent=5411"}],"wp:term":[{"taxonomy":"category","embeddable":true,"href":"https:\/\/zsp12.gliwice.pl\/sp15\/wp-json\/wp\/v2\/categories?post=5411"},{"taxonomy":"post_tag","embeddable":true,"href":"https:\/\/zsp12.gliwice.pl\/sp15\/wp-json\/wp\/v2\/tags?post=5411"}],"curies":[{"name":"wp","href":"https:\/\/api.w.org\/{rel}","templated":true}]}}