{"id":5406,"date":"2020-03-11T06:53:07","date_gmt":"2020-03-11T05:53:07","guid":{"rendered":"http:\/\/zsp12.gliwice.pl\/sp15\/?p=5406"},"modified":"2020-03-11T06:53:36","modified_gmt":"2020-03-11T05:53:36","slug":"miejski-konkurs-recytatorski-maly-okr","status":"publish","type":"post","link":"https:\/\/zsp12.gliwice.pl\/sp15\/blog\/2020\/03\/11\/miejski-konkurs-recytatorski-maly-okr\/","title":{"rendered":"Miejski Konkurs Recytatorski MA\u0141Y OKR"},"content":{"rendered":"<p><em>28 lutego w Domu Kultury w Gliwicach odby\u0142 si\u0119 <strong>Miejski Konkurs Recytatorski<\/strong> <strong>MA\u0141Y OKR.<\/strong> Uczestnicy mieli za zadanie wyrecytowa\u0107 wybrany przez siebie wiersz i fragment prozy.<\/em><\/p>\n<p><em>&nbsp; Jury ocenia\u0142o:<br \/>\n<\/em><em>&#8211; dob\u00f3r repertuaru,<br \/>\n<\/em><em>&#8211; dykcj\u0119,<br \/>\n<\/em><em>&#8211; interpretacj\u0119,<br \/>\n<\/em><em>&#8211; og\u00f3lne wra\u017cenie artystyczne.<\/em><\/p>\n<p><em>Poziom konkursu by\u0142 wysoki, wszyscy recytatorzy bardzo powa\u017cnie podeszli&nbsp; do powierzonego im zadania.<br \/>\n<\/em><em>Nasz\u0105 szko\u0142\u0119 reprezentowa\u0142y <strong>Zosia Sztaba z klasy 5a i Oliwia \u015awistak z klasy 6a.<\/strong><\/em><\/p>\n<p><em>A teraz bardzo dobra wiadomo\u015b\u0107 &#8211; <strong>Zosia Sztaba zaj\u0119\u0142a III miejsce.<\/strong><\/em><\/p>\n<p><em><strong>&nbsp;<img loading=\"lazy\" decoding=\"async\" class=\"aligncenter wp-image-5407 size-large\" src=\"http:\/\/zsp12.gliwice.pl\/sp15\/wp-content\/uploads\/sites\/11\/2020\/03\/20200309_115214-576x1024.jpg\" alt=\"\" width=\"576\" height=\"1024\" srcset=\"https:\/\/zsp12.gliwice.pl\/sp15\/wp-content\/uploads\/sites\/11\/2020\/03\/20200309_115214-576x1024.jpg 576w, https:\/\/zsp12.gliwice.pl\/sp15\/wp-content\/uploads\/sites\/11\/2020\/03\/20200309_115214-169x300.jpg 169w, https:\/\/zsp12.gliwice.pl\/sp15\/wp-content\/uploads\/sites\/11\/2020\/03\/20200309_115214-768x1365.jpg 768w, https:\/\/zsp12.gliwice.pl\/sp15\/wp-content\/uploads\/sites\/11\/2020\/03\/20200309_115214-14x24.jpg 14w, https:\/\/zsp12.gliwice.pl\/sp15\/wp-content\/uploads\/sites\/11\/2020\/03\/20200309_115214-20x36.jpg 20w, https:\/\/zsp12.gliwice.pl\/sp15\/wp-content\/uploads\/sites\/11\/2020\/03\/20200309_115214-27x48.jpg 27w\" sizes=\"(max-width: 576px) 100vw, 576px\" \/><br \/>\n<\/strong><\/em><\/p>\n<p style=\"text-align: center\"><em><strong>Serdeczne gratulacje!!<\/strong><\/em><\/p>\n<p style=\"text-align: right\"><em>Ma\u0142gorzata Drzewiecka<\/em><\/p>\n<p style=\"text-align: right\"><em><strong>&nbsp;<\/strong><\/em><\/p>\n","protected":false},"excerpt":{"rendered":"<p>28 lutego w Domu Kultury w Gliwicach odby\u0142 si\u0119 Miejski Konkurs Recytatorski MA\u0141Y OKR. Uczestnicy mieli za zadanie wyrecytowa\u0107 wybrany przez siebie wiersz i fragment prozy. &nbsp; Jury ocenia\u0142o: &#8211;&#8230;<\/p>\n","protected":false},"author":2,"featured_media":5407,"comment_status":"open","ping_status":"open","sticky":false,"template":"","format":"standard","meta":{"inline_featured_image":false,"ngg_post_thumbnail":0,"footnotes":""},"categories":[29],"tags":[],"class_list":["post-5406","post","type-post","status-publish","format-standard","has-post-thumbnail","hentry","category-aktualnosci"],"_links":{"self":[{"href":"https:\/\/zsp12.gliwice.pl\/sp15\/wp-json\/wp\/v2\/posts\/5406"}],"collection":[{"href":"https:\/\/zsp12.gliwice.pl\/sp15\/wp-json\/wp\/v2\/posts"}],"about":[{"href":"https:\/\/zsp12.gliwice.pl\/sp15\/wp-json\/wp\/v2\/types\/post"}],"author":[{"embeddable":true,"href":"https:\/\/zsp12.gliwice.pl\/sp15\/wp-json\/wp\/v2\/users\/2"}],"replies":[{"embeddable":true,"href":"https:\/\/zsp12.gliwice.pl\/sp15\/wp-json\/wp\/v2\/comments?post=5406"}],"version-history":[{"count":1,"href":"https:\/\/zsp12.gliwice.pl\/sp15\/wp-json\/wp\/v2\/posts\/5406\/revisions"}],"predecessor-version":[{"id":5409,"href":"https:\/\/zsp12.gliwice.pl\/sp15\/wp-json\/wp\/v2\/posts\/5406\/revisions\/5409"}],"wp:featuredmedia":[{"embeddable":true,"href":"https:\/\/zsp12.gliwice.pl\/sp15\/wp-json\/wp\/v2\/media\/5407"}],"wp:attachment":[{"href":"https:\/\/zsp12.gliwice.pl\/sp15\/wp-json\/wp\/v2\/media?parent=5406"}],"wp:term":[{"taxonomy":"category","embeddable":true,"href":"https:\/\/zsp12.gliwice.pl\/sp15\/wp-json\/wp\/v2\/categories?post=5406"},{"taxonomy":"post_tag","embeddable":true,"href":"https:\/\/zsp12.gliwice.pl\/sp15\/wp-json\/wp\/v2\/tags?post=5406"}],"curies":[{"name":"wp","href":"https:\/\/api.w.org\/{rel}","templated":true}]}}