{"id":5403,"date":"2020-03-10T23:36:18","date_gmt":"2020-03-10T22:36:18","guid":{"rendered":"http:\/\/zsp12.gliwice.pl\/sp15\/?p=5403"},"modified":"2020-03-11T06:38:45","modified_gmt":"2020-03-11T05:38:45","slug":"terminy-skladania-wnioskow-o-przyjecie-do-klas-iv-oraz-vii-szkol-podstawowych","status":"publish","type":"post","link":"https:\/\/zsp12.gliwice.pl\/sp15\/blog\/2020\/03\/10\/terminy-skladania-wnioskow-o-przyjecie-do-klas-iv-oraz-vii-szkol-podstawowych\/","title":{"rendered":"Terminy sk\u0142adania wniosk\u00f3w o przyj\u0119cie do klas IV oraz VII szk\u00f3\u0142 podstawowych"},"content":{"rendered":"<p>Zarz\u0105dzenie nr PM-1818\/2020 z dnia 24.01.2020 w sprawie ustalenia termin\u00f3w sk\u0142adania wniosk\u00f3w o przyj\u0119cie do klas IV oraz VII szk\u00f3\u0142 podstawowych powsta\u0142ych z przekszta\u0142cenia gimnazj\u00f3w.<\/p>\n<p>Na podstawie art. 205 ust.2 oraz 5 ustawy z dnia 14 grudnia 2016r. Przepisy wprowadzaj\u0105ce ustaw\u0119-Prawo o\u015bwiatowe (Dz.U.z 2017r., poz 60), zarz\u0105dza si\u0119 co nast\u0119puje:<br \/>\n1. Ustala si\u0119 termin <strong>od dnia 17.02.2020 do dnia 17.04.2020r.<\/strong> <strong>do godziny 15:00<\/strong> sk\u0142adania wniosk\u00f3w o przyjecie ucznia do klasy IV i VII w roku szkolnym 2020\/2021<\/p>\n","protected":false},"excerpt":{"rendered":"<p>Zarz\u0105dzenie nr PM-1818\/2020 z dnia 24.01.2020 w sprawie ustalenia termin\u00f3w sk\u0142adania wniosk\u00f3w o przyj\u0119cie do klas IV oraz VII szk\u00f3\u0142 podstawowych powsta\u0142ych z przekszta\u0142cenia gimnazj\u00f3w. Na podstawie art. 205 ust.2&#8230;<\/p>\n","protected":false},"author":2,"featured_media":16568,"comment_status":"open","ping_status":"open","sticky":false,"template":"","format":"standard","meta":{"inline_featured_image":false,"ngg_post_thumbnail":0,"footnotes":""},"categories":[29],"tags":[],"class_list":["post-5403","post","type-post","status-publish","format-standard","has-post-thumbnail","hentry","category-aktualnosci"],"_links":{"self":[{"href":"https:\/\/zsp12.gliwice.pl\/sp15\/wp-json\/wp\/v2\/posts\/5403"}],"collection":[{"href":"https:\/\/zsp12.gliwice.pl\/sp15\/wp-json\/wp\/v2\/posts"}],"about":[{"href":"https:\/\/zsp12.gliwice.pl\/sp15\/wp-json\/wp\/v2\/types\/post"}],"author":[{"embeddable":true,"href":"https:\/\/zsp12.gliwice.pl\/sp15\/wp-json\/wp\/v2\/users\/2"}],"replies":[{"embeddable":true,"href":"https:\/\/zsp12.gliwice.pl\/sp15\/wp-json\/wp\/v2\/comments?post=5403"}],"version-history":[{"count":1,"href":"https:\/\/zsp12.gliwice.pl\/sp15\/wp-json\/wp\/v2\/posts\/5403\/revisions"}],"predecessor-version":[{"id":5404,"href":"https:\/\/zsp12.gliwice.pl\/sp15\/wp-json\/wp\/v2\/posts\/5403\/revisions\/5404"}],"wp:featuredmedia":[{"embeddable":true,"href":"https:\/\/zsp12.gliwice.pl\/sp15\/wp-json\/wp\/v2\/media\/16568"}],"wp:attachment":[{"href":"https:\/\/zsp12.gliwice.pl\/sp15\/wp-json\/wp\/v2\/media?parent=5403"}],"wp:term":[{"taxonomy":"category","embeddable":true,"href":"https:\/\/zsp12.gliwice.pl\/sp15\/wp-json\/wp\/v2\/categories?post=5403"},{"taxonomy":"post_tag","embeddable":true,"href":"https:\/\/zsp12.gliwice.pl\/sp15\/wp-json\/wp\/v2\/tags?post=5403"}],"curies":[{"name":"wp","href":"https:\/\/api.w.org\/{rel}","templated":true}]}}