{"id":5362,"date":"2020-02-26T18:11:22","date_gmt":"2020-02-26T17:11:22","guid":{"rendered":"http:\/\/zsp12.gliwice.pl\/sp15\/?p=5362"},"modified":"2020-02-26T18:11:22","modified_gmt":"2020-02-26T17:11:22","slug":"wyjatkowy-gosc-odwiedza-klase-2a","status":"publish","type":"post","link":"https:\/\/zsp12.gliwice.pl\/sp15\/blog\/2020\/02\/26\/wyjatkowy-gosc-odwiedza-klase-2a\/","title":{"rendered":"Wyj\u0105tkowy go\u015b\u0107 odwiedza klas\u0119 2a"},"content":{"rendered":"<p><em>Dnia 24 lutego klasa 2a wraz z wychowawcami przyj\u0119\u0142a wyj\u0105tkowego go\u015bcia &#8211; m\u0142odszego ogniomistrza pracuj\u0105cego w Centrum Ratownictwa w Gliwicach Pana Tomasza Srok\u0119. Dzi\u0119ki uprzejmo\u015bci taty jednej z uczennic, dzieci mia\u0142y okazj\u0119 pozna\u0107 lepiej prac\u0119 w Stra\u017cy Po\u017carnej, a tak\u017ce specyfik\u0119 pracy osoby odbieraj\u0105cej telefony alarmowe. Uczniowie zobaczyli prezentacj\u0119 przedstawiaj\u0105c\u0105 sytuacje w kt\u00f3rych nale\u017cy powiadomi\u0107 odpowiednie s\u0142u\u017cby. Dzieci otrzyma\u0142y pi\u0119kne kolorowanki oraz inne gad\u017cety przydatne w sytuacjach zagro\u017cenia zdrowia i \u017cycia. Dzi\u0119kujemy za zaanga\u017cowanie i obecno\u015b\u0107.<\/em><\/p>\n<p style=\"text-align: right\"><em>Aurelia Kobyli\u0144ska<\/em><\/p>\nngg_shortcode_0_placeholder\n","protected":false},"excerpt":{"rendered":"<p>Dnia 24 lutego klasa 2a wraz z wychowawcami przyj\u0119\u0142a wyj\u0105tkowego go\u015bcia &#8211; m\u0142odszego ogniomistrza pracuj\u0105cego w Centrum Ratownictwa w Gliwicach Pana Tomasza Srok\u0119. Dzi\u0119ki uprzejmo\u015bci taty jednej z uczennic, dzieci&#8230;<\/p>\n","protected":false},"author":2,"featured_media":5363,"comment_status":"open","ping_status":"open","sticky":false,"template":"","format":"standard","meta":{"inline_featured_image":false,"ngg_post_thumbnail":0,"footnotes":""},"categories":[29],"tags":[],"class_list":["post-5362","post","type-post","status-publish","format-standard","has-post-thumbnail","hentry","category-aktualnosci"],"_links":{"self":[{"href":"https:\/\/zsp12.gliwice.pl\/sp15\/wp-json\/wp\/v2\/posts\/5362"}],"collection":[{"href":"https:\/\/zsp12.gliwice.pl\/sp15\/wp-json\/wp\/v2\/posts"}],"about":[{"href":"https:\/\/zsp12.gliwice.pl\/sp15\/wp-json\/wp\/v2\/types\/post"}],"author":[{"embeddable":true,"href":"https:\/\/zsp12.gliwice.pl\/sp15\/wp-json\/wp\/v2\/users\/2"}],"replies":[{"embeddable":true,"href":"https:\/\/zsp12.gliwice.pl\/sp15\/wp-json\/wp\/v2\/comments?post=5362"}],"version-history":[{"count":1,"href":"https:\/\/zsp12.gliwice.pl\/sp15\/wp-json\/wp\/v2\/posts\/5362\/revisions"}],"predecessor-version":[{"id":5372,"href":"https:\/\/zsp12.gliwice.pl\/sp15\/wp-json\/wp\/v2\/posts\/5362\/revisions\/5372"}],"wp:featuredmedia":[{"embeddable":true,"href":"https:\/\/zsp12.gliwice.pl\/sp15\/wp-json\/wp\/v2\/media\/5363"}],"wp:attachment":[{"href":"https:\/\/zsp12.gliwice.pl\/sp15\/wp-json\/wp\/v2\/media?parent=5362"}],"wp:term":[{"taxonomy":"category","embeddable":true,"href":"https:\/\/zsp12.gliwice.pl\/sp15\/wp-json\/wp\/v2\/categories?post=5362"},{"taxonomy":"post_tag","embeddable":true,"href":"https:\/\/zsp12.gliwice.pl\/sp15\/wp-json\/wp\/v2\/tags?post=5362"}],"curies":[{"name":"wp","href":"https:\/\/api.w.org\/{rel}","templated":true}]}}