{"id":5288,"date":"2020-02-25T21:39:01","date_gmt":"2020-02-25T20:39:01","guid":{"rendered":"http:\/\/zsp12.gliwice.pl\/sp15\/?p=5288"},"modified":"2020-02-26T18:15:07","modified_gmt":"2020-02-26T17:15:07","slug":"warsztaty-w-forum","status":"publish","type":"post","link":"https:\/\/zsp12.gliwice.pl\/sp15\/blog\/2020\/02\/25\/warsztaty-w-forum\/","title":{"rendered":"Warsztaty w CH Forum &#8211; klasa 5a i 5b"},"content":{"rendered":"<p><em><strong>&nbsp;21 lutego 2020 r. uczniowie&nbsp; klas 5a i 5b<\/strong> uczestniczyli w <strong>warsztatach edukacyjnych<\/strong> prowadzonych przez Uniwersytet Mi\u0119dzypokoleniowy Mnemo Experts oraz Fabryk\u0119 Wiedzy zorganizowanych w CH Forum.<\/em><\/p>\n<p><em>W czasie trwania warsztat\u00f3w zapoznali si\u0119 z <strong>technikami zapami\u0119tywania<\/strong> oraz samodzielnie zbudowali i uruchomili <strong>\u0142azika naukowego MILO<\/strong>, kt\u00f3ry potrafi zbada\u0107 miejsca, do kt\u00f3rych cz\u0142owiek nie mo\u017ce dotrze\u0107.<\/em><\/p>\n<p><em>&nbsp;Uczniom zaj\u0119cia bardzo si\u0119 podoba\u0142y, pracowali z wielkim zapa\u0142em i z ogromn\u0105 rado\u015bci\u0105 obserwowali wyniki swojej pracy. Ju\u017c czekaj\u0105 na nast\u0119pne warsztaty, na kt\u00f3re zostali\u015bmy zaproszeni <strong>w kwietniu i maju.<\/strong><\/em><\/p>\n<p style=\"text-align: right\"><em>Ma\u0142gorzata Drzewiecka<\/em><\/p>\nngg_shortcode_0_placeholder\n","protected":false},"excerpt":{"rendered":"<p>&nbsp;21 lutego 2020 r. uczniowie&nbsp; klas 5a i 5b uczestniczyli w warsztatach edukacyjnych prowadzonych przez Uniwersytet Mi\u0119dzypokoleniowy Mnemo Experts oraz Fabryk\u0119 Wiedzy zorganizowanych w CH Forum. W czasie trwania warsztat\u00f3w&#8230;<\/p>\n","protected":false},"author":2,"featured_media":5309,"comment_status":"open","ping_status":"open","sticky":false,"template":"","format":"standard","meta":{"inline_featured_image":false,"ngg_post_thumbnail":0,"footnotes":""},"categories":[29],"tags":[],"class_list":["post-5288","post","type-post","status-publish","format-standard","has-post-thumbnail","hentry","category-aktualnosci"],"_links":{"self":[{"href":"https:\/\/zsp12.gliwice.pl\/sp15\/wp-json\/wp\/v2\/posts\/5288"}],"collection":[{"href":"https:\/\/zsp12.gliwice.pl\/sp15\/wp-json\/wp\/v2\/posts"}],"about":[{"href":"https:\/\/zsp12.gliwice.pl\/sp15\/wp-json\/wp\/v2\/types\/post"}],"author":[{"embeddable":true,"href":"https:\/\/zsp12.gliwice.pl\/sp15\/wp-json\/wp\/v2\/users\/2"}],"replies":[{"embeddable":true,"href":"https:\/\/zsp12.gliwice.pl\/sp15\/wp-json\/wp\/v2\/comments?post=5288"}],"version-history":[{"count":2,"href":"https:\/\/zsp12.gliwice.pl\/sp15\/wp-json\/wp\/v2\/posts\/5288\/revisions"}],"predecessor-version":[{"id":5375,"href":"https:\/\/zsp12.gliwice.pl\/sp15\/wp-json\/wp\/v2\/posts\/5288\/revisions\/5375"}],"wp:featuredmedia":[{"embeddable":true,"href":"https:\/\/zsp12.gliwice.pl\/sp15\/wp-json\/wp\/v2\/media\/5309"}],"wp:attachment":[{"href":"https:\/\/zsp12.gliwice.pl\/sp15\/wp-json\/wp\/v2\/media?parent=5288"}],"wp:term":[{"taxonomy":"category","embeddable":true,"href":"https:\/\/zsp12.gliwice.pl\/sp15\/wp-json\/wp\/v2\/categories?post=5288"},{"taxonomy":"post_tag","embeddable":true,"href":"https:\/\/zsp12.gliwice.pl\/sp15\/wp-json\/wp\/v2\/tags?post=5288"}],"curies":[{"name":"wp","href":"https:\/\/api.w.org\/{rel}","templated":true}]}}