{"id":5269,"date":"2020-02-25T21:25:58","date_gmt":"2020-02-25T20:25:58","guid":{"rendered":"http:\/\/zsp12.gliwice.pl\/sp15\/?p=5269"},"modified":"2020-02-25T21:27:08","modified_gmt":"2020-02-25T20:27:08","slug":"warsztaty-bilingua-latwiej-z-niemieckim","status":"publish","type":"post","link":"https:\/\/zsp12.gliwice.pl\/sp15\/blog\/2020\/02\/25\/warsztaty-bilingua-latwiej-z-niemieckim\/","title":{"rendered":"Warsztaty &#8220;Bilingua &#8211; \u0142atwiej z niemieckim&#8221;"},"content":{"rendered":"<p><em>Lekcje j\u0119zyk\u00f3w obcych nie musz\u0105 by\u0107 nudne! Przekonali si\u0119 o tym uczniowie klasy 4a, 5a, 5b oraz 6a, kt\u00f3rzy mieli okazj\u0119 wzi\u0105\u0107 udzia\u0142 w warsztatach organizowanych w ramach kampanii &#8220;Bilingua &#8211; \u0142atwiej z niemieckim&#8221;. Projekt ten skierowany do dzieci i m\u0142odzie\u017cy zosta\u0142 stworzony przez Dom Wsp\u00f3\u0142pracy Polsko &#8211; Niemieckiej, a jego g\u0142\u00f3wnym celem jest promowanie dwuj\u0119zyczno\u015bci. W ramach projektu 24 lutego odwiedzi\u0142a nas Pani Iwona Bergu\u0142a-Hanysek &#8211; doradczyni do spraw dwuj\u0119zyczno\u015bci na terenie wojew\u00f3dztwa \u015bl\u0105skiego, kt\u00f3ra przygotowa\u0142a dla naszych uczni\u00f3w bardzo ciekawe lekcje j\u0119zyka niemieckiego. Podczas zaj\u0119\u0107 uczniowie dowiedzieli si\u0119, dlaczego warto uczy\u0107 si\u0119 kilku j\u0119zyk\u00f3w obcych, wzi\u0119li udzia\u0142 w teleturnieju Va Bank, zagrali w domino, w \u017cywe memory, robili gimnastyk\u0119 w j\u0119zyku niemieckim oraz wzi\u0119li udzia\u0142 w licznych zabawach i grach j\u0119zykowych. Zaj\u0119cia by\u0142y bardzo ciekawe i weso\u0142e. Najbardziej aktywni uczniowie oraz zwyci\u0119zcy j\u0119zykowych gier otrzymali nagrody: koszulki, d\u0142ugopisy, linijki, notesy oraz aby rozwija\u0107 zdolno\u015bci j\u0119zykowe polsko-niemiecki magazyn &#8220;Keks&#8221;. Na zako\u0144czenie Amelia z klasy 6a w imieniu wszystkich uczni\u00f3w podzi\u0119kowa\u0142a Pani Iwonie w j\u0119zyku niemieckim za przybycie i przygotowanie animacji j\u0119zykowych.<\/em><\/p>\n<p style=\"text-align: right\"><em>Sylwia Boryczka<\/em><\/p>\nngg_shortcode_0_placeholder\n","protected":false},"excerpt":{"rendered":"<p>Lekcje j\u0119zyk\u00f3w obcych nie musz\u0105 by\u0107 nudne! Przekonali si\u0119 o tym uczniowie klasy 4a, 5a, 5b oraz 6a, kt\u00f3rzy mieli okazj\u0119 wzi\u0105\u0107 udzia\u0142 w warsztatach organizowanych w ramach kampanii &#8220;Bilingua&#8230;<\/p>\n","protected":false},"author":2,"featured_media":5284,"comment_status":"open","ping_status":"open","sticky":false,"template":"","format":"standard","meta":{"inline_featured_image":false,"ngg_post_thumbnail":0,"footnotes":""},"categories":[29,17],"tags":[],"class_list":["post-5269","post","type-post","status-publish","format-standard","has-post-thumbnail","hentry","category-aktualnosci","category-informacje"],"_links":{"self":[{"href":"https:\/\/zsp12.gliwice.pl\/sp15\/wp-json\/wp\/v2\/posts\/5269"}],"collection":[{"href":"https:\/\/zsp12.gliwice.pl\/sp15\/wp-json\/wp\/v2\/posts"}],"about":[{"href":"https:\/\/zsp12.gliwice.pl\/sp15\/wp-json\/wp\/v2\/types\/post"}],"author":[{"embeddable":true,"href":"https:\/\/zsp12.gliwice.pl\/sp15\/wp-json\/wp\/v2\/users\/2"}],"replies":[{"embeddable":true,"href":"https:\/\/zsp12.gliwice.pl\/sp15\/wp-json\/wp\/v2\/comments?post=5269"}],"version-history":[{"count":2,"href":"https:\/\/zsp12.gliwice.pl\/sp15\/wp-json\/wp\/v2\/posts\/5269\/revisions"}],"predecessor-version":[{"id":5285,"href":"https:\/\/zsp12.gliwice.pl\/sp15\/wp-json\/wp\/v2\/posts\/5269\/revisions\/5285"}],"wp:featuredmedia":[{"embeddable":true,"href":"https:\/\/zsp12.gliwice.pl\/sp15\/wp-json\/wp\/v2\/media\/5284"}],"wp:attachment":[{"href":"https:\/\/zsp12.gliwice.pl\/sp15\/wp-json\/wp\/v2\/media?parent=5269"}],"wp:term":[{"taxonomy":"category","embeddable":true,"href":"https:\/\/zsp12.gliwice.pl\/sp15\/wp-json\/wp\/v2\/categories?post=5269"},{"taxonomy":"post_tag","embeddable":true,"href":"https:\/\/zsp12.gliwice.pl\/sp15\/wp-json\/wp\/v2\/tags?post=5269"}],"curies":[{"name":"wp","href":"https:\/\/api.w.org\/{rel}","templated":true}]}}