{"id":5117,"date":"2020-02-16T13:36:05","date_gmt":"2020-02-16T12:36:05","guid":{"rendered":"http:\/\/zsp12.gliwice.pl\/sp15\/?p=5117"},"modified":"2020-02-24T23:49:50","modified_gmt":"2020-02-24T22:49:50","slug":"bal-karnawalowy-2","status":"publish","type":"post","link":"https:\/\/zsp12.gliwice.pl\/sp15\/blog\/2020\/02\/16\/bal-karnawalowy-2\/","title":{"rendered":"Bal karnawa\u0142owy"},"content":{"rendered":"<p><em>Karnawa\u0142 to czas bal\u00f3w, maskarad i zabaw. W czasie karnawa\u0142u bawi\u0105 si\u0119 nie tylko doro\u015bli. Jest to r\u00f3wnie\u017c wspania\u0142a okazja do zabaw dla dzieci, kt\u00f3rym ogromn\u0105 rado\u015b\u0107 sprawia wcielanie si\u0119 w postacie bajkowe. Dnia 7 lutego i w naszej Szkole odby\u0142 si\u0119 bal karnawa\u0142owy. Wzi\u0119li w nim udzia\u0142 uczniowie klasy I i II oraz przedszkolaki z grupy Odkrywc\u00f3w oraz Tropicieli.&nbsp;Dzieci przebrane by\u0142y za bohater\u00f3w znanych bajek, mo\u017cna by\u0142o spotka\u0107 kr\u00f3lewny, delikatne motylki, pirata, , stra\u017caka, dinozaura, &#8220;Spider-Man\u00f3w&#8221;, &#8230;nie spos\u00f3b zliczy\u0107 i wymieni\u0107 tych wszystkich postaci. Rozpozna\u0107 dzieci by\u0142o bardzo trudno. Wszyscy byli podekscytowani czekaj\u0105c\u0105 ich zabaw\u0105.<\/em><\/p>\n<p><em>Na sali podczas pl\u0105s\u00f3w robi\u0142o si\u0119 kolorowo, u\u015bmiech nie znika\u0142 z twarzy mimo chwilowego zm\u0119czenia, a skoczna i rytmiczna muzyka zach\u0119ca\u0142a do ta\u0144ca. Ujawni\u0142y si\u0119 liczne talenty taneczne.<\/em><\/p>\n<p><em>Uczniowie poprzez zabaw\u0119 rozwija\u0142y umiej\u0119tno\u015bci wsp\u00f3\u0142\u017cycia i wsp\u00f3\u0142dzia\u0142ania w grupie, rozwija\u0142y \u015bmia\u0142o\u015b\u0107 w kontaktach z r\u00f3wie\u015bnikami i starszymi kolegami. Bal dostarczy\u0142 wszystkim wiele rado\u015bci. My, doro\u015bli, patrz\u0105c na zabaw\u0119 dzieci, mo\u017cemy uczy\u0107 si\u0119 od nich spontaniczno\u015bci i rado\u015bci \u017cycia.<\/em><\/p>\n<p><em>Nast\u0119pny bal karnawa\u0142owy ju\u017c za rok&#8230;<\/em><\/p>\n<p style=\"text-align: right;\"><em>Joanna Czapla<\/em><\/p>\nngg_shortcode_0_placeholder\n<p>&nbsp;<\/p>\n<p>&nbsp;<\/p>\n","protected":false},"excerpt":{"rendered":"<p>Karnawa\u0142 to czas bal\u00f3w, maskarad i zabaw. W czasie karnawa\u0142u bawi\u0105 si\u0119 nie tylko doro\u015bli. Jest to r\u00f3wnie\u017c wspania\u0142a okazja do zabaw dla dzieci, kt\u00f3rym ogromn\u0105 rado\u015b\u0107 sprawia wcielanie si\u0119&#8230;<\/p>\n","protected":false},"author":2,"featured_media":5227,"comment_status":"open","ping_status":"open","sticky":false,"template":"","format":"standard","meta":{"inline_featured_image":false,"ngg_post_thumbnail":0,"footnotes":""},"categories":[29,17],"tags":[],"class_list":["post-5117","post","type-post","status-publish","format-standard","has-post-thumbnail","hentry","category-aktualnosci","category-informacje"],"_links":{"self":[{"href":"https:\/\/zsp12.gliwice.pl\/sp15\/wp-json\/wp\/v2\/posts\/5117"}],"collection":[{"href":"https:\/\/zsp12.gliwice.pl\/sp15\/wp-json\/wp\/v2\/posts"}],"about":[{"href":"https:\/\/zsp12.gliwice.pl\/sp15\/wp-json\/wp\/v2\/types\/post"}],"author":[{"embeddable":true,"href":"https:\/\/zsp12.gliwice.pl\/sp15\/wp-json\/wp\/v2\/users\/2"}],"replies":[{"embeddable":true,"href":"https:\/\/zsp12.gliwice.pl\/sp15\/wp-json\/wp\/v2\/comments?post=5117"}],"version-history":[{"count":4,"href":"https:\/\/zsp12.gliwice.pl\/sp15\/wp-json\/wp\/v2\/posts\/5117\/revisions"}],"predecessor-version":[{"id":5266,"href":"https:\/\/zsp12.gliwice.pl\/sp15\/wp-json\/wp\/v2\/posts\/5117\/revisions\/5266"}],"wp:featuredmedia":[{"embeddable":true,"href":"https:\/\/zsp12.gliwice.pl\/sp15\/wp-json\/wp\/v2\/media\/5227"}],"wp:attachment":[{"href":"https:\/\/zsp12.gliwice.pl\/sp15\/wp-json\/wp\/v2\/media?parent=5117"}],"wp:term":[{"taxonomy":"category","embeddable":true,"href":"https:\/\/zsp12.gliwice.pl\/sp15\/wp-json\/wp\/v2\/categories?post=5117"},{"taxonomy":"post_tag","embeddable":true,"href":"https:\/\/zsp12.gliwice.pl\/sp15\/wp-json\/wp\/v2\/tags?post=5117"}],"curies":[{"name":"wp","href":"https:\/\/api.w.org\/{rel}","templated":true}]}}