{"id":5100,"date":"2020-02-12T17:56:20","date_gmt":"2020-02-12T16:56:20","guid":{"rendered":"http:\/\/zsp12.gliwice.pl\/sp15\/?p=5100"},"modified":"2020-02-25T21:20:34","modified_gmt":"2020-02-25T20:20:34","slug":"iv-slaski-festiwal-nauki","status":"publish","type":"post","link":"https:\/\/zsp12.gliwice.pl\/sp15\/blog\/2020\/02\/12\/iv-slaski-festiwal-nauki\/","title":{"rendered":"IV \u015al\u0105ski Festiwal Nauki"},"content":{"rendered":"<p><em>27 stycznia na terenie Mi\u0119dzynarodowego Centrum Kongresowego w Katowicach odby\u0142 si\u0119 4 \u015al\u0105ski Festiwal Nauki. Uczniowie klasy 5 oraz 6 pod opiek\u0105 El\u017cbiety Borowieckiej, Barbary Zasadzie\u0144 oraz Eleny Romanowej uczestniczyli&nbsp;w licznych pokazach, wyk\u0142adach oraz konkursach. Zapoznali si\u0119 z tematyk\u0105 niezwyk\u0142ych instrument\u00f3w muzycznych i zagrali na b\u0119bnach, obserwowali do\u015bwiadczenia chemiczne i fizyczne, a nawet wzi\u0119li udzia\u0142 w zaj\u0119ciach z robotyki. Wydarzenie na wszystkich zrobi\u0142o ogromne wra\u017cenie.&nbsp;<\/em><\/p>\n<p style=\"text-align: right\"><em>Barbara Zasadzie\u0144<\/em><\/p>\nngg_shortcode_0_placeholder\n","protected":false},"excerpt":{"rendered":"<p>27 stycznia na terenie Mi\u0119dzynarodowego Centrum Kongresowego w Katowicach odby\u0142 si\u0119 4 \u015al\u0105ski Festiwal Nauki. Uczniowie klasy 5 oraz 6 pod opiek\u0105 El\u017cbiety Borowieckiej, Barbary Zasadzie\u0144 oraz Eleny Romanowej uczestniczyli&nbsp;w&#8230;<\/p>\n","protected":false},"author":2,"featured_media":5103,"comment_status":"open","ping_status":"open","sticky":false,"template":"","format":"standard","meta":{"inline_featured_image":false,"ngg_post_thumbnail":0,"footnotes":""},"categories":[29],"tags":[],"class_list":["post-5100","post","type-post","status-publish","format-standard","has-post-thumbnail","hentry","category-aktualnosci"],"_links":{"self":[{"href":"https:\/\/zsp12.gliwice.pl\/sp15\/wp-json\/wp\/v2\/posts\/5100"}],"collection":[{"href":"https:\/\/zsp12.gliwice.pl\/sp15\/wp-json\/wp\/v2\/posts"}],"about":[{"href":"https:\/\/zsp12.gliwice.pl\/sp15\/wp-json\/wp\/v2\/types\/post"}],"author":[{"embeddable":true,"href":"https:\/\/zsp12.gliwice.pl\/sp15\/wp-json\/wp\/v2\/users\/2"}],"replies":[{"embeddable":true,"href":"https:\/\/zsp12.gliwice.pl\/sp15\/wp-json\/wp\/v2\/comments?post=5100"}],"version-history":[{"count":5,"href":"https:\/\/zsp12.gliwice.pl\/sp15\/wp-json\/wp\/v2\/posts\/5100\/revisions"}],"predecessor-version":[{"id":5268,"href":"https:\/\/zsp12.gliwice.pl\/sp15\/wp-json\/wp\/v2\/posts\/5100\/revisions\/5268"}],"wp:featuredmedia":[{"embeddable":true,"href":"https:\/\/zsp12.gliwice.pl\/sp15\/wp-json\/wp\/v2\/media\/5103"}],"wp:attachment":[{"href":"https:\/\/zsp12.gliwice.pl\/sp15\/wp-json\/wp\/v2\/media?parent=5100"}],"wp:term":[{"taxonomy":"category","embeddable":true,"href":"https:\/\/zsp12.gliwice.pl\/sp15\/wp-json\/wp\/v2\/categories?post=5100"},{"taxonomy":"post_tag","embeddable":true,"href":"https:\/\/zsp12.gliwice.pl\/sp15\/wp-json\/wp\/v2\/tags?post=5100"}],"curies":[{"name":"wp","href":"https:\/\/api.w.org\/{rel}","templated":true}]}}