{"id":5091,"date":"2020-02-12T17:49:56","date_gmt":"2020-02-12T16:49:56","guid":{"rendered":"http:\/\/zsp12.gliwice.pl\/sp15\/?p=5091"},"modified":"2020-02-16T11:52:44","modified_gmt":"2020-02-16T10:52:44","slug":"noc-biologow","status":"publish","type":"post","link":"https:\/\/zsp12.gliwice.pl\/sp15\/blog\/2020\/02\/12\/noc-biologow\/","title":{"rendered":"Noc Biolog\u00f3w"},"content":{"rendered":"<p><em>W styczniu uczniowie klasy 5 oraz 6 mieli okazj\u0119 uczestniczy\u0107 w zaj\u0119ciach organizowanych na Uniwersytecie \u015al\u0105skim w Katowicach w ramach corocznej Nocy Biolog\u00f3w. Zapoznali si\u0119 z wa\u017cn\u0105 tematyk\u0105 recyklingu, a testach wiedzy o nim zdobyli liczne nagrody. Poznali organizmy wodne i zobaczyli proces tworzenia \u015bwiec z wosku pszczelego. Wyjazdowi towarzyszy\u0142a jeszcze \u015bwi\u0105teczna aura pi\u0119knie o\u015bwietlonego miasta, kt\u00f3ra na wszystkich zrobi\u0142a du\u017ce wra\u017cenie. Organizatorem wyjazdu by\u0142a Barbara Zasadzie\u0144.<\/em><\/p>\n<p style=\"text-align: right\"><em>Barbara Zasadzie\u0144<\/em><\/p>\n<p><img loading=\"lazy\" decoding=\"async\" class=\"aligncenter wp-image-5092 size-large\" src=\"http:\/\/zsp12.gliwice.pl\/sp15\/wp-content\/uploads\/sites\/11\/2020\/02\/20200110_162600-1024x576.jpg\" alt=\"\" width=\"640\" height=\"360\" srcset=\"https:\/\/zsp12.gliwice.pl\/sp15\/wp-content\/uploads\/sites\/11\/2020\/02\/20200110_162600-1024x576.jpg 1024w, https:\/\/zsp12.gliwice.pl\/sp15\/wp-content\/uploads\/sites\/11\/2020\/02\/20200110_162600-300x169.jpg 300w, https:\/\/zsp12.gliwice.pl\/sp15\/wp-content\/uploads\/sites\/11\/2020\/02\/20200110_162600-768x432.jpg 768w, https:\/\/zsp12.gliwice.pl\/sp15\/wp-content\/uploads\/sites\/11\/2020\/02\/20200110_162600-24x14.jpg 24w, https:\/\/zsp12.gliwice.pl\/sp15\/wp-content\/uploads\/sites\/11\/2020\/02\/20200110_162600-36x20.jpg 36w, https:\/\/zsp12.gliwice.pl\/sp15\/wp-content\/uploads\/sites\/11\/2020\/02\/20200110_162600-48x27.jpg 48w\" sizes=\"(max-width: 640px) 100vw, 640px\" \/><\/p>\n","protected":false},"excerpt":{"rendered":"<p>W styczniu uczniowie klasy 5 oraz 6 mieli okazj\u0119 uczestniczy\u0107 w zaj\u0119ciach organizowanych na Uniwersytecie \u015al\u0105skim w Katowicach w ramach corocznej Nocy Biolog\u00f3w. Zapoznali si\u0119 z wa\u017cn\u0105 tematyk\u0105 recyklingu, a&#8230;<\/p>\n","protected":false},"author":2,"featured_media":5092,"comment_status":"open","ping_status":"open","sticky":false,"template":"","format":"standard","meta":{"inline_featured_image":false,"ngg_post_thumbnail":0,"footnotes":""},"categories":[29],"tags":[],"class_list":["post-5091","post","type-post","status-publish","format-standard","has-post-thumbnail","hentry","category-aktualnosci"],"_links":{"self":[{"href":"https:\/\/zsp12.gliwice.pl\/sp15\/wp-json\/wp\/v2\/posts\/5091"}],"collection":[{"href":"https:\/\/zsp12.gliwice.pl\/sp15\/wp-json\/wp\/v2\/posts"}],"about":[{"href":"https:\/\/zsp12.gliwice.pl\/sp15\/wp-json\/wp\/v2\/types\/post"}],"author":[{"embeddable":true,"href":"https:\/\/zsp12.gliwice.pl\/sp15\/wp-json\/wp\/v2\/users\/2"}],"replies":[{"embeddable":true,"href":"https:\/\/zsp12.gliwice.pl\/sp15\/wp-json\/wp\/v2\/comments?post=5091"}],"version-history":[{"count":1,"href":"https:\/\/zsp12.gliwice.pl\/sp15\/wp-json\/wp\/v2\/posts\/5091\/revisions"}],"predecessor-version":[{"id":5093,"href":"https:\/\/zsp12.gliwice.pl\/sp15\/wp-json\/wp\/v2\/posts\/5091\/revisions\/5093"}],"wp:featuredmedia":[{"embeddable":true,"href":"https:\/\/zsp12.gliwice.pl\/sp15\/wp-json\/wp\/v2\/media\/5092"}],"wp:attachment":[{"href":"https:\/\/zsp12.gliwice.pl\/sp15\/wp-json\/wp\/v2\/media?parent=5091"}],"wp:term":[{"taxonomy":"category","embeddable":true,"href":"https:\/\/zsp12.gliwice.pl\/sp15\/wp-json\/wp\/v2\/categories?post=5091"},{"taxonomy":"post_tag","embeddable":true,"href":"https:\/\/zsp12.gliwice.pl\/sp15\/wp-json\/wp\/v2\/tags?post=5091"}],"curies":[{"name":"wp","href":"https:\/\/api.w.org\/{rel}","templated":true}]}}