{"id":4973,"date":"2020-01-13T13:37:38","date_gmt":"2020-01-13T12:37:38","guid":{"rendered":"http:\/\/zsp12.gliwice.pl\/sp15\/?p=4973"},"modified":"2020-01-13T13:37:48","modified_gmt":"2020-01-13T12:37:48","slug":"adwentowy-konkurs-z-jezyka-niemieckiego","status":"publish","type":"post","link":"https:\/\/zsp12.gliwice.pl\/sp15\/blog\/2020\/01\/13\/adwentowy-konkurs-z-jezyka-niemieckiego\/","title":{"rendered":"Adwentowy konkurs z j\u0119zyka niemieckiego"},"content":{"rendered":"<p><em>Uczniowie klas III-VI ucz\u0105cy si\u0119 j\u0119zyka niemieckiego wzi\u0119li udzia\u0142 w klasowych konkursach znajomo\u015bci s\u0142ownictwa bo\u017conarodzeniowego. Ka\u017cdego dnia adwentu na kalendarzu adwentowym zawieszonym przed sal\u0105 z j\u0119zyka niemieckiego pojawia\u0142o si\u0119 wraz z obrazkiem jedno s\u0142owo w j\u0119zyku niemieckim. Z podanego s\u0142ownictwa oraz z wiadomo\u015bci poznanych na lekcjach o tematyce zimowej, adwentowej i \u015bwi\u0105tecznej ka\u017cda klasa napisa\u0142a na pocz\u0105tku stycznia konkursowy test. Zadania uczni\u00f3w polega\u0142y na uzupe\u0142nianiu zda\u0144 poznanymi s\u0142\u00f3wkami, rozwi\u0105zywaniu rebus\u00f3w, \u0142\u0105czeniu obrazk\u00f3w z odpowiednimi nazwami i wybieraniu poprawnej odpowiedzi. Przed feriami w ka\u017cdej klasie odby\u0142o si\u0119 wr\u0119czenie dyplom\u00f3w, medali oraz nagr\u00f3d. Gratulujemy wszystkim zwyci\u0119zcom!<\/em><\/p>\n<p style=\"text-align: right\"><em>Sylwia Boryczka<\/em><\/p>\n<p><img loading=\"lazy\" decoding=\"async\" class=\"aligncenter wp-image-4974 size-large\" src=\"http:\/\/zsp12.gliwice.pl\/sp15\/wp-content\/uploads\/sites\/11\/2020\/01\/82083027_613473406138826_9074682004234043392_n-1024x911.jpg\" alt=\"\" width=\"640\" height=\"569\" srcset=\"https:\/\/zsp12.gliwice.pl\/sp15\/wp-content\/uploads\/sites\/11\/2020\/01\/82083027_613473406138826_9074682004234043392_n-1024x911.jpg 1024w, https:\/\/zsp12.gliwice.pl\/sp15\/wp-content\/uploads\/sites\/11\/2020\/01\/82083027_613473406138826_9074682004234043392_n-300x267.jpg 300w, https:\/\/zsp12.gliwice.pl\/sp15\/wp-content\/uploads\/sites\/11\/2020\/01\/82083027_613473406138826_9074682004234043392_n-768x683.jpg 768w, https:\/\/zsp12.gliwice.pl\/sp15\/wp-content\/uploads\/sites\/11\/2020\/01\/82083027_613473406138826_9074682004234043392_n-24x21.jpg 24w, https:\/\/zsp12.gliwice.pl\/sp15\/wp-content\/uploads\/sites\/11\/2020\/01\/82083027_613473406138826_9074682004234043392_n-36x32.jpg 36w, https:\/\/zsp12.gliwice.pl\/sp15\/wp-content\/uploads\/sites\/11\/2020\/01\/82083027_613473406138826_9074682004234043392_n-48x43.jpg 48w\" sizes=\"(max-width: 640px) 100vw, 640px\" \/><\/p>\n","protected":false},"excerpt":{"rendered":"<p>Uczniowie klas III-VI ucz\u0105cy si\u0119 j\u0119zyka niemieckiego wzi\u0119li udzia\u0142 w klasowych konkursach znajomo\u015bci s\u0142ownictwa bo\u017conarodzeniowego. Ka\u017cdego dnia adwentu na kalendarzu adwentowym zawieszonym przed sal\u0105 z j\u0119zyka niemieckiego pojawia\u0142o si\u0119 wraz&#8230;<\/p>\n","protected":false},"author":2,"featured_media":4974,"comment_status":"open","ping_status":"open","sticky":false,"template":"","format":"standard","meta":{"inline_featured_image":false,"ngg_post_thumbnail":0,"footnotes":""},"categories":[29],"tags":[],"class_list":["post-4973","post","type-post","status-publish","format-standard","has-post-thumbnail","hentry","category-aktualnosci"],"_links":{"self":[{"href":"https:\/\/zsp12.gliwice.pl\/sp15\/wp-json\/wp\/v2\/posts\/4973"}],"collection":[{"href":"https:\/\/zsp12.gliwice.pl\/sp15\/wp-json\/wp\/v2\/posts"}],"about":[{"href":"https:\/\/zsp12.gliwice.pl\/sp15\/wp-json\/wp\/v2\/types\/post"}],"author":[{"embeddable":true,"href":"https:\/\/zsp12.gliwice.pl\/sp15\/wp-json\/wp\/v2\/users\/2"}],"replies":[{"embeddable":true,"href":"https:\/\/zsp12.gliwice.pl\/sp15\/wp-json\/wp\/v2\/comments?post=4973"}],"version-history":[{"count":1,"href":"https:\/\/zsp12.gliwice.pl\/sp15\/wp-json\/wp\/v2\/posts\/4973\/revisions"}],"predecessor-version":[{"id":4975,"href":"https:\/\/zsp12.gliwice.pl\/sp15\/wp-json\/wp\/v2\/posts\/4973\/revisions\/4975"}],"wp:featuredmedia":[{"embeddable":true,"href":"https:\/\/zsp12.gliwice.pl\/sp15\/wp-json\/wp\/v2\/media\/4974"}],"wp:attachment":[{"href":"https:\/\/zsp12.gliwice.pl\/sp15\/wp-json\/wp\/v2\/media?parent=4973"}],"wp:term":[{"taxonomy":"category","embeddable":true,"href":"https:\/\/zsp12.gliwice.pl\/sp15\/wp-json\/wp\/v2\/categories?post=4973"},{"taxonomy":"post_tag","embeddable":true,"href":"https:\/\/zsp12.gliwice.pl\/sp15\/wp-json\/wp\/v2\/tags?post=4973"}],"curies":[{"name":"wp","href":"https:\/\/api.w.org\/{rel}","templated":true}]}}