{"id":28534,"date":"2026-09-02T13:12:38","date_gmt":"2026-09-02T11:12:38","guid":{"rendered":"https:\/\/zsp12.gliwice.pl\/sp15\/?p=28534"},"modified":"2026-09-04T13:16:34","modified_gmt":"2026-09-04T11:16:34","slug":"rozpoczecie-roku-szkolnego-2","status":"publish","type":"post","link":"https:\/\/zsp12.gliwice.pl\/sp15\/blog\/2026\/09\/02\/rozpoczecie-roku-szkolnego-2\/","title":{"rendered":"Rozpocz\u0119cie Roku Szkolnego"},"content":{"rendered":"<p><em>Poranek 1 wrze\u015bnia przywita\u0142 nas s\u0142o\u0144cem. Klasa 5c zaprezentowa\u0142a program artystyczny, kt\u00f3ry przypomnia\u0142 o Rocznicy wybuchu II wojny \u015bwiatowej. Wspominali\u015bmy te\u017c wakacje:<\/em><\/p>\n<p><em>&#8220;Ach! Jak to lato by\u0142o gor\u0105ce&#8230;<\/em><br \/>\n<em>Pachn\u0105ce lasem, g\u00f3rami, morzem&#8230;<\/em><br \/>\n<em>By\u0142o si\u0119 tu, by\u0142o si\u0119 tam&#8230;<\/em><br \/>\n<em>\u0141apa\u0142o si\u0119 s\u0142o\u0144ce gar\u015bciami i wiatr&#8230;&#8221;- deklamowa\u0142a pi\u0119knie Daryna.<\/em><\/p>\n<p><em>Do naszego uczniowskiego grona przyj\u0119li\u015bmy Pierwszoklasist\u00f3w. Specjalnie dla nich klasa 8b przygotowa\u0142a scenk\u0119 humorystyczn\u0105. Nast\u0119pnie dzieci z przej\u0119ciem \u015alubowa\u0142y oraz uroczy\u015bcie zosta\u0142y pasowane na uczni\u00f3w.<\/em><\/p>\n<p><em>Nadszed\u0142 czas, by podj\u0105\u0107 nowe, szkolne wyzwania.<\/em><\/p>\n<p><em>Niech ten rok b\u0119dzie obfity w marzenia, kt\u00f3re nabieraj\u0105 realnych kszta\u0142t\u00f3w. Niech nie b\u0119dzie zmarnowanych dni. Niech ka\u017cdy b\u0119dzie uwa\u017cny na drugiego cz\u0142owieka.<\/em><\/p>\n<p><em>Rok Szkolny 2026\/2027 uwa\u017camy za otwarty!<\/em><\/p>\n<p><img loading=\"lazy\" decoding=\"async\" class=\"size-large wp-image-28535 aligncenter\" src=\"https:\/\/zsp12.gliwice.pl\/sp15\/wp-content\/uploads\/sites\/11\/2026\/09\/IMG-20260903-WA0000-1024x577.jpg\" alt=\"\" width=\"640\" height=\"361\" srcset=\"https:\/\/zsp12.gliwice.pl\/sp15\/wp-content\/uploads\/sites\/11\/2026\/09\/IMG-20260903-WA0000-1024x577.jpg 1024w, https:\/\/zsp12.gliwice.pl\/sp15\/wp-content\/uploads\/sites\/11\/2026\/09\/IMG-20260903-WA0000-768x432.jpg 768w, https:\/\/zsp12.gliwice.pl\/sp15\/wp-content\/uploads\/sites\/11\/2026\/09\/IMG-20260903-WA0000-1536x865.jpg 1536w, https:\/\/zsp12.gliwice.pl\/sp15\/wp-content\/uploads\/sites\/11\/2026\/09\/IMG-20260903-WA0000.jpg 1600w\" sizes=\"(max-width: 640px) 100vw, 640px\" \/> <img loading=\"lazy\" decoding=\"async\" class=\"size-large wp-image-28537 aligncenter\" src=\"https:\/\/zsp12.gliwice.pl\/sp15\/wp-content\/uploads\/sites\/11\/2026\/09\/IMG-20260902-WA0018-1024x577.jpg\" alt=\"\" width=\"640\" height=\"361\" srcset=\"https:\/\/zsp12.gliwice.pl\/sp15\/wp-content\/uploads\/sites\/11\/2026\/09\/IMG-20260902-WA0018-1024x577.jpg 1024w, https:\/\/zsp12.gliwice.pl\/sp15\/wp-content\/uploads\/sites\/11\/2026\/09\/IMG-20260902-WA0018-768x432.jpg 768w, https:\/\/zsp12.gliwice.pl\/sp15\/wp-content\/uploads\/sites\/11\/2026\/09\/IMG-20260902-WA0018-1536x865.jpg 1536w, https:\/\/zsp12.gliwice.pl\/sp15\/wp-content\/uploads\/sites\/11\/2026\/09\/IMG-20260902-WA0018.jpg 1600w\" sizes=\"(max-width: 640px) 100vw, 640px\" \/><\/p>\n","protected":false},"excerpt":{"rendered":"<p>Poranek 1 wrze\u015bnia przywita\u0142 nas s\u0142o\u0144cem. Klasa 5c zaprezentowa\u0142a program artystyczny, kt\u00f3ry przypomnia\u0142 o Rocznicy wybuchu II wojny \u015bwiatowej. Wspominali\u015bmy te\u017c wakacje: &#8220;Ach! Jak to lato by\u0142o gor\u0105ce&#8230; Pachn\u0105ce lasem,&#8230;<\/p>\n","protected":false},"author":2,"featured_media":28536,"comment_status":"open","ping_status":"open","sticky":false,"template":"","format":"standard","meta":{"inline_featured_image":false,"ngg_post_thumbnail":0,"footnotes":""},"categories":[29],"tags":[],"class_list":["post-28534","post","type-post","status-publish","format-standard","has-post-thumbnail","hentry","category-aktualnosci"],"_links":{"self":[{"href":"https:\/\/zsp12.gliwice.pl\/sp15\/wp-json\/wp\/v2\/posts\/28534"}],"collection":[{"href":"https:\/\/zsp12.gliwice.pl\/sp15\/wp-json\/wp\/v2\/posts"}],"about":[{"href":"https:\/\/zsp12.gliwice.pl\/sp15\/wp-json\/wp\/v2\/types\/post"}],"author":[{"embeddable":true,"href":"https:\/\/zsp12.gliwice.pl\/sp15\/wp-json\/wp\/v2\/users\/2"}],"replies":[{"embeddable":true,"href":"https:\/\/zsp12.gliwice.pl\/sp15\/wp-json\/wp\/v2\/comments?post=28534"}],"version-history":[{"count":1,"href":"https:\/\/zsp12.gliwice.pl\/sp15\/wp-json\/wp\/v2\/posts\/28534\/revisions"}],"predecessor-version":[{"id":28538,"href":"https:\/\/zsp12.gliwice.pl\/sp15\/wp-json\/wp\/v2\/posts\/28534\/revisions\/28538"}],"wp:featuredmedia":[{"embeddable":true,"href":"https:\/\/zsp12.gliwice.pl\/sp15\/wp-json\/wp\/v2\/media\/28536"}],"wp:attachment":[{"href":"https:\/\/zsp12.gliwice.pl\/sp15\/wp-json\/wp\/v2\/media?parent=28534"}],"wp:term":[{"taxonomy":"category","embeddable":true,"href":"https:\/\/zsp12.gliwice.pl\/sp15\/wp-json\/wp\/v2\/categories?post=28534"},{"taxonomy":"post_tag","embeddable":true,"href":"https:\/\/zsp12.gliwice.pl\/sp15\/wp-json\/wp\/v2\/tags?post=28534"}],"curies":[{"name":"wp","href":"https:\/\/api.w.org\/{rel}","templated":true}]}}