{"id":26941,"date":"2025-12-19T11:09:36","date_gmt":"2025-12-19T10:09:36","guid":{"rendered":"https:\/\/zsp12.gliwice.pl\/sp15\/?p=26941"},"modified":"2025-12-23T11:15:22","modified_gmt":"2025-12-23T10:15:22","slug":"uroczyste-rozdanie-nagrod-za-udzial-w-swiatecznym-konkursie-jezykowym-o-zwyczajach","status":"publish","type":"post","link":"https:\/\/zsp12.gliwice.pl\/sp15\/blog\/2025\/12\/19\/uroczyste-rozdanie-nagrod-za-udzial-w-swiatecznym-konkursie-jezykowym-o-zwyczajach\/","title":{"rendered":"Uroczyste rozdanie nagr\u00f3d za udzia\u0142 w \u015bwi\u0105tecznym konkursie j\u0119zykowym o ZWYCZAJACH"},"content":{"rendered":"<div id=\":py\">\n<div id=\":uy\">\n<div class=\"qQVYZb\"><em>BO\u017bONARODZENIOWYCH W WIELKIEJ BRYTANII I NIEMCZECH za nami ! <img loading=\"lazy\" decoding=\"async\" class=\"an1\" src=\"https:\/\/fonts.gstatic.com\/s\/e\/notoemoji\/16.0\/1f1ec_1f1e7\/72.png\" alt=\"\ud83c\uddec\ud83c\udde7\" width=\"26\" height=\"26\" data-emoji=\"\ud83c\uddec\ud83c\udde7\" aria-label=\"\ud83c\uddec\ud83c\udde7\">&nbsp;<img loading=\"lazy\" decoding=\"async\" class=\"an1\" src=\"https:\/\/fonts.gstatic.com\/s\/e\/notoemoji\/16.0\/1f1e9_1f1ea\/72.png\" alt=\"\ud83c\udde9\ud83c\uddea\" width=\"26\" height=\"26\" data-emoji=\"\ud83c\udde9\ud83c\uddea\" aria-label=\"\ud83c\udde9\ud83c\uddea\"><\/em><\/div>\n<\/div>\n<\/div>\n<div class=\"\">\n<div id=\":qg\" class=\"ii gt\">\n<div id=\":v3\" class=\"a3s aiL\">\n<div id=\"avWBGd-234\">\n<div><em>Dzi\u0119kujemy wszystkim uczestnikom i gratulujemy zwyci\u0119zcom zaj\u0119cia miejsc na podium:<\/em><\/div>\n<div><em>1. Ignacy z klasy 8a<\/em><\/div>\n<div><em>2. Anastasiia z klasy 8b<\/em><\/div>\n<div><em>2. Emila z klasy 6a<\/em><\/div>\n<div><em>3. Zuzia z klasy 7b<\/em><\/div>\n<div><em>3. Martyna z klasy 8b<\/em><\/div>\n<div>&nbsp;<\/div>\n<div style=\"text-align: right\"><em>S.Boryczka<\/em><\/div>\n<div style=\"text-align: right\"><em>M.Pr\u0105tnicka<\/em><\/div>\n<div style=\"text-align: right\"><em>J.Zielaskiewicz<\/em><\/div>\n<div>\nngg_shortcode_0_placeholder<\/div>\n<\/div>\n<\/div>\n<\/div>\n<\/div>\n","protected":false},"excerpt":{"rendered":"<p>BO\u017bONARODZENIOWYCH W WIELKIEJ BRYTANII I NIEMCZECH za nami ! &nbsp; Dzi\u0119kujemy wszystkim uczestnikom i gratulujemy zwyci\u0119zcom zaj\u0119cia miejsc na podium: 1. Ignacy z klasy 8a 2. Anastasiia z klasy 8b&#8230;<\/p>\n","protected":false},"author":2,"featured_media":26951,"comment_status":"open","ping_status":"open","sticky":false,"template":"","format":"standard","meta":{"inline_featured_image":false,"ngg_post_thumbnail":15338,"footnotes":""},"categories":[17],"tags":[],"class_list":["post-26941","post","type-post","status-publish","format-standard","has-post-thumbnail","hentry","category-informacje"],"_links":{"self":[{"href":"https:\/\/zsp12.gliwice.pl\/sp15\/wp-json\/wp\/v2\/posts\/26941"}],"collection":[{"href":"https:\/\/zsp12.gliwice.pl\/sp15\/wp-json\/wp\/v2\/posts"}],"about":[{"href":"https:\/\/zsp12.gliwice.pl\/sp15\/wp-json\/wp\/v2\/types\/post"}],"author":[{"embeddable":true,"href":"https:\/\/zsp12.gliwice.pl\/sp15\/wp-json\/wp\/v2\/users\/2"}],"replies":[{"embeddable":true,"href":"https:\/\/zsp12.gliwice.pl\/sp15\/wp-json\/wp\/v2\/comments?post=26941"}],"version-history":[{"count":3,"href":"https:\/\/zsp12.gliwice.pl\/sp15\/wp-json\/wp\/v2\/posts\/26941\/revisions"}],"predecessor-version":[{"id":26960,"href":"https:\/\/zsp12.gliwice.pl\/sp15\/wp-json\/wp\/v2\/posts\/26941\/revisions\/26960"}],"wp:featuredmedia":[{"embeddable":true,"href":"https:\/\/zsp12.gliwice.pl\/sp15\/wp-json\/wp\/v2\/media\/26951"}],"wp:attachment":[{"href":"https:\/\/zsp12.gliwice.pl\/sp15\/wp-json\/wp\/v2\/media?parent=26941"}],"wp:term":[{"taxonomy":"category","embeddable":true,"href":"https:\/\/zsp12.gliwice.pl\/sp15\/wp-json\/wp\/v2\/categories?post=26941"},{"taxonomy":"post_tag","embeddable":true,"href":"https:\/\/zsp12.gliwice.pl\/sp15\/wp-json\/wp\/v2\/tags?post=26941"}],"curies":[{"name":"wp","href":"https:\/\/api.w.org\/{rel}","templated":true}]}}