{"id":26910,"date":"2025-12-15T07:27:01","date_gmt":"2025-12-15T06:27:01","guid":{"rendered":"https:\/\/zsp12.gliwice.pl\/sp15\/?p=26910"},"modified":"2025-12-15T07:31:04","modified_gmt":"2025-12-15T06:31:04","slug":"misja-kartkowa-zostala-zakonczona","status":"publish","type":"post","link":"https:\/\/zsp12.gliwice.pl\/sp15\/blog\/2025\/12\/15\/misja-kartkowa-zostala-zakonczona\/","title":{"rendered":"Misja kartkowa zosta\u0142a zako\u0144czona"},"content":{"rendered":"<div><em>Misja kartkowa zosta\u0142a zako\u0144czona. Nasi uczniowie w pocie czo\u0142a od kilku tygodni wykonywali z sercem r\u0119cznie robione kartki \u015bwi\u0105teczne do kt\u00f3rych wpisali z serca p\u0142yn\u0105ce \u017cyczenia.<\/em><br \/>\n<em>Wzi\u0119li\u015bmy udzia\u0142 w w trzech akcjach karteczkowych dla:<\/em><br \/>\n<em>1. Dzieciak\u00f3w z Regionalnych Plac\u00f3wek Opieku\u0144czo Terapeutycznych w Gliwicach<\/em><br \/>\n<em>2. Darczy\u0144c\u00f3w Szlachetnej Paczki, kt\u00f3re zosta\u0142y wr\u0119czone podczas gali Weekend Cud\u00f3w. Przekazali\u015bmy r\u00f3wnie\u017c r\u0119cznie robione ozdoby \u015bwi\u0105teczne, kt\u00f3re u\u015bwietni\u0142y to wydarzenie.<\/em><br \/>\n<em>3. Uczni\u00f3w ZSOS7 z kt\u00f3rymi z inicjatywy naszych specjalistek prowadz\u0105cych zaj\u0119cia rewalidacyjne wymienili\u015bmy si\u0119 pi\u0119knymi pracami dzieci zrobionymi na zaj\u0119ciach.<\/em><em>Dzi\u0119kujemy wszystkim, kt\u00f3rzy w\u0142\u0105czyli si\u0119 w akcj\u0119. Wiemy ju\u017c, \u017ce kartki bardzo si\u0119 spodoba\u0142y i sprawi\u0142y obdarowanym wiele rado\u015bci.<\/em><\/p>\n<\/div>\n<div style=\"text-align: right\"><em>Szkolne Ko\u0142o Wolontariatu<\/em><\/div>\n<div>\nngg_shortcode_0_placeholder<\/div>\n<div>&nbsp;<\/div>\n","protected":false},"excerpt":{"rendered":"<p>Misja kartkowa zosta\u0142a zako\u0144czona. Nasi uczniowie w pocie czo\u0142a od kilku tygodni wykonywali z sercem r\u0119cznie robione kartki \u015bwi\u0105teczne do kt\u00f3rych wpisali z serca p\u0142yn\u0105ce \u017cyczenia. Wzi\u0119li\u015bmy udzia\u0142 w w&#8230;<\/p>\n","protected":false},"author":2,"featured_media":26922,"comment_status":"open","ping_status":"open","sticky":false,"template":"","format":"standard","meta":{"inline_featured_image":false,"ngg_post_thumbnail":15323,"footnotes":""},"categories":[29],"tags":[],"class_list":["post-26910","post","type-post","status-publish","format-standard","has-post-thumbnail","hentry","category-aktualnosci"],"_links":{"self":[{"href":"https:\/\/zsp12.gliwice.pl\/sp15\/wp-json\/wp\/v2\/posts\/26910"}],"collection":[{"href":"https:\/\/zsp12.gliwice.pl\/sp15\/wp-json\/wp\/v2\/posts"}],"about":[{"href":"https:\/\/zsp12.gliwice.pl\/sp15\/wp-json\/wp\/v2\/types\/post"}],"author":[{"embeddable":true,"href":"https:\/\/zsp12.gliwice.pl\/sp15\/wp-json\/wp\/v2\/users\/2"}],"replies":[{"embeddable":true,"href":"https:\/\/zsp12.gliwice.pl\/sp15\/wp-json\/wp\/v2\/comments?post=26910"}],"version-history":[{"count":2,"href":"https:\/\/zsp12.gliwice.pl\/sp15\/wp-json\/wp\/v2\/posts\/26910\/revisions"}],"predecessor-version":[{"id":26923,"href":"https:\/\/zsp12.gliwice.pl\/sp15\/wp-json\/wp\/v2\/posts\/26910\/revisions\/26923"}],"wp:featuredmedia":[{"embeddable":true,"href":"https:\/\/zsp12.gliwice.pl\/sp15\/wp-json\/wp\/v2\/media\/26922"}],"wp:attachment":[{"href":"https:\/\/zsp12.gliwice.pl\/sp15\/wp-json\/wp\/v2\/media?parent=26910"}],"wp:term":[{"taxonomy":"category","embeddable":true,"href":"https:\/\/zsp12.gliwice.pl\/sp15\/wp-json\/wp\/v2\/categories?post=26910"},{"taxonomy":"post_tag","embeddable":true,"href":"https:\/\/zsp12.gliwice.pl\/sp15\/wp-json\/wp\/v2\/tags?post=26910"}],"curies":[{"name":"wp","href":"https:\/\/api.w.org\/{rel}","templated":true}]}}