{"id":26807,"date":"2025-11-20T11:14:04","date_gmt":"2025-11-20T10:14:04","guid":{"rendered":"https:\/\/zsp12.gliwice.pl\/sp15\/?p=26807"},"modified":"2025-12-12T11:24:01","modified_gmt":"2025-12-12T10:24:01","slug":"uczniowie-klasy-1c-wzieli-udzial-w-wyjatkowych-listopadowych-warsztatach-pt-zimowe-eliksiry","status":"publish","type":"post","link":"https:\/\/zsp12.gliwice.pl\/sp15\/blog\/2025\/11\/20\/uczniowie-klasy-1c-wzieli-udzial-w-wyjatkowych-listopadowych-warsztatach-pt-zimowe-eliksiry\/","title":{"rendered":"Uczniowie klasy 1c wzi\u0119li udzia\u0142 w wyj\u0105tkowych listopadowych warsztatach pt. \u201eZimowe eliksiry\u201d"},"content":{"rendered":"<div dir=\"auto\">Uczniowie klasy 1c wzi\u0119li udzia\u0142 w wyj\u0105tkowych listopadowych warsztatach pt. \u201eZimowe eliksiry\u201d, kt\u00f3re odby\u0142y si\u0119 w Centrum Edukacji Przyrodniczej w Gliwicach!&nbsp;<img loading=\"lazy\" decoding=\"async\" class=\"an1\" src=\"https:\/\/fonts.gstatic.com\/s\/e\/notoemoji\/16.0\/2744_fe0f\/72.png\" alt=\"\u2744\ufe0f\" width=\"21\" height=\"21\" data-emoji=\"\u2744\ufe0f\" aria-label=\"\u2744\ufe0f\"><img loading=\"lazy\" decoding=\"async\" class=\"an1\" src=\"https:\/\/fonts.gstatic.com\/s\/e\/notoemoji\/16.0\/2728\/72.png\" alt=\"\u2728\" width=\"20\" height=\"20\" data-emoji=\"\u2728\" aria-label=\"\u2728\"><\/div>\n<div dir=\"auto\">Podczas zaj\u0119\u0107 poznali niezwyk\u0142e tajemnice zi\u00f3\u0142, dowiedzieli si\u0119, jak dzia\u0142aj\u0105 naturalne sk\u0142adniki wspieraj\u0105ce odporno\u015b\u0107, a nast\u0119pnie\u2026 sami wcielili si\u0119 w ma\u0142ych zielarzy!&nbsp;<img loading=\"lazy\" decoding=\"async\" class=\"an1\" src=\"https:\/\/fonts.gstatic.com\/s\/e\/notoemoji\/16.0\/1f33f\/72.png\" alt=\"\ud83c\udf3f\" width=\"19\" height=\"19\" data-emoji=\"\ud83c\udf3f\" aria-label=\"\ud83c\udf3f\"><\/div>\n<div dir=\"auto\">Dzieci wykona\u0142y w\u0142asny syrop na zimowe dni oraz aromatyczn\u0105 herbatk\u0119 rozgrzewaj\u0105c\u0105, \u0142\u0105cz\u0105c nauk\u0119 z kreatywn\u0105 zabaw\u0105. Nie zabrak\u0142o te\u017c quizu wiedzy i degustacji, kt\u00f3re dostarczy\u0142y wielu emocji i u\u015bmiechu.&nbsp;<img loading=\"lazy\" decoding=\"async\" class=\"an1\" src=\"https:\/\/fonts.gstatic.com\/s\/e\/notoemoji\/16.0\/1f60a\/72.png\" alt=\"\ud83d\ude0a\" width=\"15\" height=\"15\" data-emoji=\"\ud83d\ude0a\" aria-label=\"\ud83d\ude0a\"><\/div>\n<div dir=\"auto\">To by\u0142 dzie\u0144 pe\u0142en zapach\u00f3w, smak\u00f3w i nowych do\u015bwiadcze\u0144!&nbsp;<img loading=\"lazy\" decoding=\"async\" class=\"an1\" src=\"https:\/\/fonts.gstatic.com\/s\/e\/notoemoji\/16.0\/1f36f\/72.png\" alt=\"\ud83c\udf6f\" width=\"19\" height=\"19\" data-emoji=\"\ud83c\udf6f\" aria-label=\"\ud83c\udf6f\"><img loading=\"lazy\" decoding=\"async\" class=\"an1\" src=\"https:\/\/fonts.gstatic.com\/s\/e\/notoemoji\/16.0\/1f34b\/72.png\" alt=\"\ud83c\udf4b\" width=\"20\" height=\"20\" data-emoji=\"\ud83c\udf4b\" aria-label=\"\ud83c\udf4b\"><img loading=\"lazy\" decoding=\"async\" class=\"an1\" src=\"https:\/\/fonts.gstatic.com\/s\/e\/notoemoji\/16.0\/1f331\/72.png\" alt=\"\ud83c\udf31\" width=\"20\" height=\"20\" data-emoji=\"\ud83c\udf31\" aria-label=\"\ud83c\udf31\"><\/div>\n<div dir=\"auto\" style=\"text-align: right\">Anita Henkel<\/div>\n<div dir=\"auto\">&nbsp;<\/div>\n<div id=\"m_1644251768454414669ms-outlook-mobile-body-separator-line\" dir=\"auto\">\n<div id='gallery-1' class='gallery galleryid-26807 gallery-columns-5 gallery-size-thumbnail'><figure class='gallery-item'>\n\t\t\t<div class='gallery-icon portrait'>\n\t\t\t\t<a href='https:\/\/zsp12.gliwice.pl\/sp15\/blog\/2025\/11\/20\/uczniowie-klasy-1c-wzieli-udzial-w-wyjatkowych-listopadowych-warsztatach-pt-zimowe-eliksiry\/attachment\/1000220596\/'><img loading=\"lazy\" decoding=\"async\" width=\"150\" height=\"150\" src=\"https:\/\/zsp12.gliwice.pl\/sp15\/wp-content\/uploads\/sites\/11\/2025\/11\/1000220596-150x150.jpg\" class=\"attachment-thumbnail size-thumbnail\" alt=\"\" srcset=\"https:\/\/zsp12.gliwice.pl\/sp15\/wp-content\/uploads\/sites\/11\/2025\/11\/1000220596-150x150.jpg 150w, https:\/\/zsp12.gliwice.pl\/sp15\/wp-content\/uploads\/sites\/11\/2025\/11\/1000220596-300x300.jpg 300w\" sizes=\"(max-width: 150px) 100vw, 150px\" \/><\/a>\n\t\t\t<\/div><\/figure><figure class='gallery-item'>\n\t\t\t<div class='gallery-icon landscape'>\n\t\t\t\t<a href='https:\/\/zsp12.gliwice.pl\/sp15\/blog\/2025\/11\/20\/uczniowie-klasy-1c-wzieli-udzial-w-wyjatkowych-listopadowych-warsztatach-pt-zimowe-eliksiry\/attachment\/1000220597\/'><img loading=\"lazy\" decoding=\"async\" width=\"150\" height=\"150\" src=\"https:\/\/zsp12.gliwice.pl\/sp15\/wp-content\/uploads\/sites\/11\/2025\/11\/1000220597-150x150.jpg\" class=\"attachment-thumbnail size-thumbnail\" alt=\"\" srcset=\"https:\/\/zsp12.gliwice.pl\/sp15\/wp-content\/uploads\/sites\/11\/2025\/11\/1000220597-150x150.jpg 150w, https:\/\/zsp12.gliwice.pl\/sp15\/wp-content\/uploads\/sites\/11\/2025\/11\/1000220597-300x300.jpg 300w\" sizes=\"(max-width: 150px) 100vw, 150px\" \/><\/a>\n\t\t\t<\/div><\/figure><figure class='gallery-item'>\n\t\t\t<div class='gallery-icon landscape'>\n\t\t\t\t<a href='https:\/\/zsp12.gliwice.pl\/sp15\/blog\/2025\/11\/20\/uczniowie-klasy-1c-wzieli-udzial-w-wyjatkowych-listopadowych-warsztatach-pt-zimowe-eliksiry\/1000220598-3\/'><img loading=\"lazy\" decoding=\"async\" width=\"150\" height=\"150\" src=\"https:\/\/zsp12.gliwice.pl\/sp15\/wp-content\/uploads\/sites\/11\/2025\/11\/1000220598-150x150.jpg\" class=\"attachment-thumbnail size-thumbnail\" alt=\"\" srcset=\"https:\/\/zsp12.gliwice.pl\/sp15\/wp-content\/uploads\/sites\/11\/2025\/11\/1000220598-150x150.jpg 150w, https:\/\/zsp12.gliwice.pl\/sp15\/wp-content\/uploads\/sites\/11\/2025\/11\/1000220598-300x300.jpg 300w\" sizes=\"(max-width: 150px) 100vw, 150px\" \/><\/a>\n\t\t\t<\/div><\/figure><figure class='gallery-item'>\n\t\t\t<div class='gallery-icon landscape'>\n\t\t\t\t<a href='https:\/\/zsp12.gliwice.pl\/sp15\/blog\/2025\/11\/20\/uczniowie-klasy-1c-wzieli-udzial-w-wyjatkowych-listopadowych-warsztatach-pt-zimowe-eliksiry\/attachment\/1000220599\/'><img loading=\"lazy\" decoding=\"async\" width=\"150\" height=\"150\" src=\"https:\/\/zsp12.gliwice.pl\/sp15\/wp-content\/uploads\/sites\/11\/2025\/11\/1000220599-150x150.jpg\" class=\"attachment-thumbnail size-thumbnail\" alt=\"\" srcset=\"https:\/\/zsp12.gliwice.pl\/sp15\/wp-content\/uploads\/sites\/11\/2025\/11\/1000220599-150x150.jpg 150w, https:\/\/zsp12.gliwice.pl\/sp15\/wp-content\/uploads\/sites\/11\/2025\/11\/1000220599-300x300.jpg 300w\" sizes=\"(max-width: 150px) 100vw, 150px\" \/><\/a>\n\t\t\t<\/div><\/figure><figure class='gallery-item'>\n\t\t\t<div class='gallery-icon portrait'>\n\t\t\t\t<a href='https:\/\/zsp12.gliwice.pl\/sp15\/blog\/2025\/11\/20\/uczniowie-klasy-1c-wzieli-udzial-w-wyjatkowych-listopadowych-warsztatach-pt-zimowe-eliksiry\/attachment\/1000220600\/'><img loading=\"lazy\" decoding=\"async\" width=\"150\" height=\"150\" src=\"https:\/\/zsp12.gliwice.pl\/sp15\/wp-content\/uploads\/sites\/11\/2025\/11\/1000220600-150x150.jpg\" class=\"attachment-thumbnail size-thumbnail\" alt=\"\" srcset=\"https:\/\/zsp12.gliwice.pl\/sp15\/wp-content\/uploads\/sites\/11\/2025\/11\/1000220600-150x150.jpg 150w, https:\/\/zsp12.gliwice.pl\/sp15\/wp-content\/uploads\/sites\/11\/2025\/11\/1000220600-300x300.jpg 300w\" sizes=\"(max-width: 150px) 100vw, 150px\" \/><\/a>\n\t\t\t<\/div><\/figure>\n\t\t<\/div>\n\n<\/div>\n","protected":false},"excerpt":{"rendered":"<p>Uczniowie klasy 1c wzi\u0119li udzia\u0142 w wyj\u0105tkowych listopadowych warsztatach pt. \u201eZimowe eliksiry\u201d, kt\u00f3re odby\u0142y si\u0119 w Centrum Edukacji Przyrodniczej w Gliwicach!&nbsp; Podczas zaj\u0119\u0107 poznali niezwyk\u0142e tajemnice zi\u00f3\u0142, dowiedzieli si\u0119, jak&#8230;<\/p>\n","protected":false},"author":2,"featured_media":26833,"comment_status":"open","ping_status":"open","sticky":false,"template":"","format":"standard","meta":{"inline_featured_image":false,"ngg_post_thumbnail":15253,"footnotes":""},"categories":[29],"tags":[],"class_list":["post-26807","post","type-post","status-publish","format-standard","has-post-thumbnail","hentry","category-aktualnosci"],"_links":{"self":[{"href":"https:\/\/zsp12.gliwice.pl\/sp15\/wp-json\/wp\/v2\/posts\/26807"}],"collection":[{"href":"https:\/\/zsp12.gliwice.pl\/sp15\/wp-json\/wp\/v2\/posts"}],"about":[{"href":"https:\/\/zsp12.gliwice.pl\/sp15\/wp-json\/wp\/v2\/types\/post"}],"author":[{"embeddable":true,"href":"https:\/\/zsp12.gliwice.pl\/sp15\/wp-json\/wp\/v2\/users\/2"}],"replies":[{"embeddable":true,"href":"https:\/\/zsp12.gliwice.pl\/sp15\/wp-json\/wp\/v2\/comments?post=26807"}],"version-history":[{"count":4,"href":"https:\/\/zsp12.gliwice.pl\/sp15\/wp-json\/wp\/v2\/posts\/26807\/revisions"}],"predecessor-version":[{"id":26836,"href":"https:\/\/zsp12.gliwice.pl\/sp15\/wp-json\/wp\/v2\/posts\/26807\/revisions\/26836"}],"wp:featuredmedia":[{"embeddable":true,"href":"https:\/\/zsp12.gliwice.pl\/sp15\/wp-json\/wp\/v2\/media\/26833"}],"wp:attachment":[{"href":"https:\/\/zsp12.gliwice.pl\/sp15\/wp-json\/wp\/v2\/media?parent=26807"}],"wp:term":[{"taxonomy":"category","embeddable":true,"href":"https:\/\/zsp12.gliwice.pl\/sp15\/wp-json\/wp\/v2\/categories?post=26807"},{"taxonomy":"post_tag","embeddable":true,"href":"https:\/\/zsp12.gliwice.pl\/sp15\/wp-json\/wp\/v2\/tags?post=26807"}],"curies":[{"name":"wp","href":"https:\/\/api.w.org\/{rel}","templated":true}]}}