{"id":26508,"date":"2025-11-27T07:15:36","date_gmt":"2025-11-27T06:15:36","guid":{"rendered":"https:\/\/zsp12.gliwice.pl\/sp15\/?p=26508"},"modified":"2025-12-01T07:23:56","modified_gmt":"2025-12-01T06:23:56","slug":"swiatowy-dzien-tabliczki-mnozenia-2","status":"publish","type":"post","link":"https:\/\/zsp12.gliwice.pl\/sp15\/blog\/2025\/11\/27\/swiatowy-dzien-tabliczki-mnozenia-2\/","title":{"rendered":"\u015awiatowy Dzie\u0144 Tabliczki Mno\u017cenia"},"content":{"rendered":"<div><em>21 listopada przypada\u0142 \u015awiatowy Dzie\u0144 Tabliczki Mno\u017cenia. Uczcili\u015bmy go godnie, czyli mierz\u0105c si\u0119 z tabliczkowymi dzia\u0142aniami<img loading=\"lazy\" decoding=\"async\" class=\"an1\" src=\"https:\/\/fonts.gstatic.com\/s\/e\/notoemoji\/16.0\/1f60a\/72.png\" alt=\"\ud83d\ude0a\" width=\"21\" height=\"21\" data-emoji=\"\ud83d\ude0a\" aria-label=\"\ud83d\ude0a\">.Ochotnicy stawali w pojedynkach na stanowiskach, kt\u00f3re w tym Dniu zago\u015bci\u0142y na szkolnym korytarzu. Mali i duzi z pasj\u0105 podejmowali si\u0119 wsp\u00f3\u0142zawodnictwa.&nbsp;<\/em><\/div>\n<div><em>By\u0142a te\u017c okazja zda\u0107 egzamin na Eksperta Tabliczki Mno\u017cenia i uzyska\u0107 odznaczenie.<\/em><\/div>\n<div><em>Dla ka\u017cdego zwyci\u0119zcy czeka\u0142a ma\u0142a nagroda rzeczowa.<\/em><\/div>\n<div><em>W roli prowadz\u0105cych wspania\u0142e spisali si\u0119 uczniowie z klasy 8b i 8a&nbsp;&nbsp;<img loading=\"lazy\" decoding=\"async\" class=\"an1\" src=\"https:\/\/fonts.gstatic.com\/s\/e\/notoemoji\/16.0\/1f44d\/72.png\" alt=\"\ud83d\udc4d\" width=\"14\" height=\"14\" data-emoji=\"\ud83d\udc4d\" aria-label=\"\ud83d\udc4d\">Zabawa by\u0142a niezwykle udana! Do zobaczenia za rok!<\/em><\/div>\n<div style=\"text-align: right\"><em>Beata Korczyk<\/em><\/div>\n<div>ngg_shortcode_0_placeholder<\/div>\n","protected":false},"excerpt":{"rendered":"<p>21 listopada przypada\u0142 \u015awiatowy Dzie\u0144 Tabliczki Mno\u017cenia. Uczcili\u015bmy go godnie, czyli mierz\u0105c si\u0119 z tabliczkowymi dzia\u0142aniami.Ochotnicy stawali w pojedynkach na stanowiskach, kt\u00f3re w tym Dniu zago\u015bci\u0142y na szkolnym korytarzu. Mali&#8230;<\/p>\n","protected":false},"author":2,"featured_media":26522,"comment_status":"open","ping_status":"open","sticky":false,"template":"","format":"standard","meta":{"inline_featured_image":false,"ngg_post_thumbnail":0,"footnotes":""},"categories":[29],"tags":[],"class_list":["post-26508","post","type-post","status-publish","format-standard","has-post-thumbnail","hentry","category-aktualnosci"],"_links":{"self":[{"href":"https:\/\/zsp12.gliwice.pl\/sp15\/wp-json\/wp\/v2\/posts\/26508"}],"collection":[{"href":"https:\/\/zsp12.gliwice.pl\/sp15\/wp-json\/wp\/v2\/posts"}],"about":[{"href":"https:\/\/zsp12.gliwice.pl\/sp15\/wp-json\/wp\/v2\/types\/post"}],"author":[{"embeddable":true,"href":"https:\/\/zsp12.gliwice.pl\/sp15\/wp-json\/wp\/v2\/users\/2"}],"replies":[{"embeddable":true,"href":"https:\/\/zsp12.gliwice.pl\/sp15\/wp-json\/wp\/v2\/comments?post=26508"}],"version-history":[{"count":1,"href":"https:\/\/zsp12.gliwice.pl\/sp15\/wp-json\/wp\/v2\/posts\/26508\/revisions"}],"predecessor-version":[{"id":26523,"href":"https:\/\/zsp12.gliwice.pl\/sp15\/wp-json\/wp\/v2\/posts\/26508\/revisions\/26523"}],"wp:featuredmedia":[{"embeddable":true,"href":"https:\/\/zsp12.gliwice.pl\/sp15\/wp-json\/wp\/v2\/media\/26522"}],"wp:attachment":[{"href":"https:\/\/zsp12.gliwice.pl\/sp15\/wp-json\/wp\/v2\/media?parent=26508"}],"wp:term":[{"taxonomy":"category","embeddable":true,"href":"https:\/\/zsp12.gliwice.pl\/sp15\/wp-json\/wp\/v2\/categories?post=26508"},{"taxonomy":"post_tag","embeddable":true,"href":"https:\/\/zsp12.gliwice.pl\/sp15\/wp-json\/wp\/v2\/tags?post=26508"}],"curies":[{"name":"wp","href":"https:\/\/api.w.org\/{rel}","templated":true}]}}