{"id":26475,"date":"2025-11-27T08:15:37","date_gmt":"2025-11-27T07:15:37","guid":{"rendered":"https:\/\/zsp12.gliwice.pl\/sp15\/?p=26475"},"modified":"2025-11-27T08:15:50","modified_gmt":"2025-11-27T07:15:50","slug":"ogolnoniemiecki-dzien-glosnego-czytania-2","status":"publish","type":"post","link":"https:\/\/zsp12.gliwice.pl\/sp15\/blog\/2025\/11\/27\/ogolnoniemiecki-dzien-glosnego-czytania-2\/","title":{"rendered":"OG\u00d3LNONIEMIECKI DZIE\u0143 G\u0141O\u015aNEGO CZYTANIA"},"content":{"rendered":"<div><em><img loading=\"lazy\" decoding=\"async\" class=\"an1\" src=\"https:\/\/fonts.gstatic.com\/s\/e\/notoemoji\/16.0\/1f1e9_1f1ea\/72.png\" alt=\"\ud83c\udde9\ud83c\uddea\" width=\"19\" height=\"19\" data-emoji=\"\ud83c\udde9\ud83c\uddea\" aria-label=\"\ud83c\udde9\ud83c\uddea\">&nbsp; OG\u00d3LNONIEMIECKI DZIE\u0143 G\u0141O\u015aNEGO CZYTANIA, obchodzony w Niemczech 21 listopada, sta\u0142 si\u0119 doskona\u0142\u0105 okazj\u0105 do poznania kolejnych utwor\u00f3w niemieckoj\u0119zycznych oraz doskonalenia czytania i wymowy w j\u0119zyku obcym. Zapraszamy do galerii zdj\u0119\u0107 z tego wydarzenia&nbsp;<img loading=\"lazy\" decoding=\"async\" class=\"an1\" src=\"https:\/\/fonts.gstatic.com\/s\/e\/notoemoji\/16.0\/1f1e9_1f1ea\/72.png\" alt=\"\ud83c\udde9\ud83c\uddea\" width=\"15\" height=\"15\" data-emoji=\"\ud83c\udde9\ud83c\uddea\" aria-label=\"\ud83c\udde9\ud83c\uddea\"><\/em><\/div>\n<div>&nbsp;<\/div>\n<div style=\"text-align: right\"><em>S.Boryczka<\/em><\/div>\n<div style=\"text-align: right\"><em>M.Pr\u0105tnicka<\/em><\/div>\n<div style=\"text-align: right\"><em>M.Szcz\u0119sna<\/em><\/div>\n<div style=\"text-align: right\"><em>J.Wardencka &#8211; Iwan<\/em><\/div>\n<div>ngg_shortcode_0_placeholder<\/div>\n","protected":false},"excerpt":{"rendered":"<p>&nbsp; OG\u00d3LNONIEMIECKI DZIE\u0143 G\u0141O\u015aNEGO CZYTANIA, obchodzony w Niemczech 21 listopada, sta\u0142 si\u0119 doskona\u0142\u0105 okazj\u0105 do poznania kolejnych utwor\u00f3w niemieckoj\u0119zycznych oraz doskonalenia czytania i wymowy w j\u0119zyku obcym. Zapraszamy do galerii&#8230;<\/p>\n","protected":false},"author":2,"featured_media":26484,"comment_status":"open","ping_status":"open","sticky":false,"template":"","format":"standard","meta":{"inline_featured_image":false,"ngg_post_thumbnail":0,"footnotes":""},"categories":[29],"tags":[],"class_list":["post-26475","post","type-post","status-publish","format-standard","has-post-thumbnail","hentry","category-aktualnosci"],"_links":{"self":[{"href":"https:\/\/zsp12.gliwice.pl\/sp15\/wp-json\/wp\/v2\/posts\/26475"}],"collection":[{"href":"https:\/\/zsp12.gliwice.pl\/sp15\/wp-json\/wp\/v2\/posts"}],"about":[{"href":"https:\/\/zsp12.gliwice.pl\/sp15\/wp-json\/wp\/v2\/types\/post"}],"author":[{"embeddable":true,"href":"https:\/\/zsp12.gliwice.pl\/sp15\/wp-json\/wp\/v2\/users\/2"}],"replies":[{"embeddable":true,"href":"https:\/\/zsp12.gliwice.pl\/sp15\/wp-json\/wp\/v2\/comments?post=26475"}],"version-history":[{"count":1,"href":"https:\/\/zsp12.gliwice.pl\/sp15\/wp-json\/wp\/v2\/posts\/26475\/revisions"}],"predecessor-version":[{"id":26485,"href":"https:\/\/zsp12.gliwice.pl\/sp15\/wp-json\/wp\/v2\/posts\/26475\/revisions\/26485"}],"wp:featuredmedia":[{"embeddable":true,"href":"https:\/\/zsp12.gliwice.pl\/sp15\/wp-json\/wp\/v2\/media\/26484"}],"wp:attachment":[{"href":"https:\/\/zsp12.gliwice.pl\/sp15\/wp-json\/wp\/v2\/media?parent=26475"}],"wp:term":[{"taxonomy":"category","embeddable":true,"href":"https:\/\/zsp12.gliwice.pl\/sp15\/wp-json\/wp\/v2\/categories?post=26475"},{"taxonomy":"post_tag","embeddable":true,"href":"https:\/\/zsp12.gliwice.pl\/sp15\/wp-json\/wp\/v2\/tags?post=26475"}],"curies":[{"name":"wp","href":"https:\/\/api.w.org\/{rel}","templated":true}]}}