{"id":26407,"date":"2025-11-20T07:31:14","date_gmt":"2025-11-20T06:31:14","guid":{"rendered":"https:\/\/zsp12.gliwice.pl\/sp15\/?p=26407"},"modified":"2025-11-20T07:31:21","modified_gmt":"2025-11-20T06:31:21","slug":"iii-edycja-miedzyszkolnego-projektu-choralnego-rowne-szanse-jestesmy-czescia-tego-muzycznego-wydarzenia","status":"publish","type":"post","link":"https:\/\/zsp12.gliwice.pl\/sp15\/blog\/2025\/11\/20\/iii-edycja-miedzyszkolnego-projektu-choralnego-rowne-szanse-jestesmy-czescia-tego-muzycznego-wydarzenia\/","title":{"rendered":"III edycja Mi\u0119dzyszkolnego Projektu Ch\u00f3ralnego \u201eR\u00f3wne Szanse\u201d \u2013 jeste\u015bmy cz\u0119\u015bci\u0105 tego muzycznego wydarzenia!"},"content":{"rendered":"<div><em>Z rado\u015bci\u0105 informujemy, \u017ce nasza szko\u0142a ju\u017c po raz trzeci bierze udzia\u0142 w Mi\u0119dzyszkolnym Projekcie Ch\u00f3ralnym \u201eR\u00f3wne Szanse\u201d \u2013 inicjatywie ZSO7 w Gliwicach, kt\u00f3ra \u0142\u0105czy m\u0142odych ludzi poprzez muzyk\u0119, rozwija talenty i uczy wsp\u00f3\u0142pracy mi\u0119dzy szko\u0142ami.<br \/>\n<\/em><em>W tegorocznych, inauguracyjnych warsztatach wokalnych reprezentowali nas wolontariusze z klasy 7b, kt\u00f3rzy z ogromnym zaanga\u017cowaniem doskonalili technik\u0119 wokaln\u0105, emisj\u0119 g\u0142osu oraz wsp\u00f3lne brzmienie ch\u00f3ru. To dla nich nie tylko muzyczna przygoda, ale te\u017c do\u015bwiadczenie, kt\u00f3re uczy odpowiedzialno\u015bci, komunikacji i wzajemnego wsparcia.<br \/>\n<\/em><em>Projekt \u201eR\u00f3wne Szanse\u201d pokazuje, jak wiele dobrego wnosi wsp\u00f3\u0142praca uczni\u00f3w z r\u00f3\u017cnych szk\u00f3\u0142: wsp\u00f3lne muzykowanie, wymiana do\u015bwiadcze\u0144 i budowanie relacji pomagaj\u0105 rozwija\u0107 empati\u0119, pewno\u015b\u0107 siebie oraz kompetencje spo\u0142eczne wa\u017cne w codziennym \u017cyciu.<br \/>\n<\/em><em>Nasi uczniowie wr\u00f3cili z warsztat\u00f3w pe\u0142ni inspiracji, energii i motywacji do dalszej pracy artystycznej i spo\u0142ecznej.<br \/>\n<\/em><em>Muzyka zn\u00f3w nas po\u0142\u0105czy\u0142a \u2014 cieszymy si\u0119, \u017ce mo\u017cemy by\u0107 cz\u0119\u015bci\u0105 III edycji&nbsp;projektu!<\/em><\/div>\n<div style=\"text-align: right\"><em>Beata Jasi\u0144ska<\/em><\/div>\n<div><em><img loading=\"lazy\" decoding=\"async\" class=\"size-large wp-image-26409 aligncenter\" src=\"https:\/\/zsp12.gliwice.pl\/sp15\/wp-content\/uploads\/sites\/11\/2025\/11\/III-edycja-Miedzyszkolnego-Projektu-Choralnego-\u201eRowne-Szanse-1024x768.jpg\" alt=\"\" width=\"640\" height=\"480\" srcset=\"https:\/\/zsp12.gliwice.pl\/sp15\/wp-content\/uploads\/sites\/11\/2025\/11\/III-edycja-Miedzyszkolnego-Projektu-Choralnego-\u201eRowne-Szanse-1024x768.jpg 1024w, https:\/\/zsp12.gliwice.pl\/sp15\/wp-content\/uploads\/sites\/11\/2025\/11\/III-edycja-Miedzyszkolnego-Projektu-Choralnego-\u201eRowne-Szanse-768x576.jpg 768w, https:\/\/zsp12.gliwice.pl\/sp15\/wp-content\/uploads\/sites\/11\/2025\/11\/III-edycja-Miedzyszkolnego-Projektu-Choralnego-\u201eRowne-Szanse-1536x1152.jpg 1536w, https:\/\/zsp12.gliwice.pl\/sp15\/wp-content\/uploads\/sites\/11\/2025\/11\/III-edycja-Miedzyszkolnego-Projektu-Choralnego-\u201eRowne-Szanse.jpg 2048w\" sizes=\"(max-width: 640px) 100vw, 640px\" \/><\/em><\/div>\n","protected":false},"excerpt":{"rendered":"<p>Z rado\u015bci\u0105 informujemy, \u017ce nasza szko\u0142a ju\u017c po raz trzeci bierze udzia\u0142 w Mi\u0119dzyszkolnym Projekcie Ch\u00f3ralnym \u201eR\u00f3wne Szanse\u201d \u2013 inicjatywie ZSO7 w Gliwicach, kt\u00f3ra \u0142\u0105czy m\u0142odych ludzi poprzez muzyk\u0119, rozwija&#8230;<\/p>\n","protected":false},"author":2,"featured_media":26408,"comment_status":"open","ping_status":"open","sticky":false,"template":"","format":"standard","meta":{"inline_featured_image":false,"ngg_post_thumbnail":0,"footnotes":""},"categories":[29],"tags":[],"class_list":["post-26407","post","type-post","status-publish","format-standard","has-post-thumbnail","hentry","category-aktualnosci"],"_links":{"self":[{"href":"https:\/\/zsp12.gliwice.pl\/sp15\/wp-json\/wp\/v2\/posts\/26407"}],"collection":[{"href":"https:\/\/zsp12.gliwice.pl\/sp15\/wp-json\/wp\/v2\/posts"}],"about":[{"href":"https:\/\/zsp12.gliwice.pl\/sp15\/wp-json\/wp\/v2\/types\/post"}],"author":[{"embeddable":true,"href":"https:\/\/zsp12.gliwice.pl\/sp15\/wp-json\/wp\/v2\/users\/2"}],"replies":[{"embeddable":true,"href":"https:\/\/zsp12.gliwice.pl\/sp15\/wp-json\/wp\/v2\/comments?post=26407"}],"version-history":[{"count":1,"href":"https:\/\/zsp12.gliwice.pl\/sp15\/wp-json\/wp\/v2\/posts\/26407\/revisions"}],"predecessor-version":[{"id":26410,"href":"https:\/\/zsp12.gliwice.pl\/sp15\/wp-json\/wp\/v2\/posts\/26407\/revisions\/26410"}],"wp:featuredmedia":[{"embeddable":true,"href":"https:\/\/zsp12.gliwice.pl\/sp15\/wp-json\/wp\/v2\/media\/26408"}],"wp:attachment":[{"href":"https:\/\/zsp12.gliwice.pl\/sp15\/wp-json\/wp\/v2\/media?parent=26407"}],"wp:term":[{"taxonomy":"category","embeddable":true,"href":"https:\/\/zsp12.gliwice.pl\/sp15\/wp-json\/wp\/v2\/categories?post=26407"},{"taxonomy":"post_tag","embeddable":true,"href":"https:\/\/zsp12.gliwice.pl\/sp15\/wp-json\/wp\/v2\/tags?post=26407"}],"curies":[{"name":"wp","href":"https:\/\/api.w.org\/{rel}","templated":true}]}}