{"id":26399,"date":"2025-11-20T06:34:32","date_gmt":"2025-11-20T05:34:32","guid":{"rendered":"https:\/\/zsp12.gliwice.pl\/sp15\/?p=26399"},"modified":"2025-11-20T06:37:51","modified_gmt":"2025-11-20T05:37:51","slug":"%f0%9f%8f%83%e2%99%80%ef%b8%8f-lekkoatletyka-z-orlika-etap-wojewodzki-%f0%9f%8f%83%e2%99%82%ef%b8%8f","status":"publish","type":"post","link":"https:\/\/zsp12.gliwice.pl\/sp15\/blog\/2025\/11\/20\/%f0%9f%8f%83%e2%99%80%ef%b8%8f-lekkoatletyka-z-orlika-etap-wojewodzki-%f0%9f%8f%83%e2%99%82%ef%b8%8f\/","title":{"rendered":"\ud83c\udfc3\u200d\u2640\ufe0f \u201eLekkoatletyka z Orlika\u201d \u2013 etap wojew\u00f3dzki \ud83c\udfc3\u200d\u2642\ufe0f"},"content":{"rendered":"<p><em>Za nami pe\u0142en emocji wojew\u00f3dzki etap zmaga\u0144 Lekkoatletyka z Orlika! Nasza szkolna reprezentacja pokaza\u0142a ogromne zaanga\u017cowanie, \u015bwietn\u0105 sportow\u0105 form\u0119 i pi\u0119kny duch walki, zdobywaj\u0105c <img loading=\"lazy\" decoding=\"async\" class=\"an1\" src=\"https:\/\/fonts.gstatic.com\/s\/e\/notoemoji\/16.0\/1f949\/72.png\" alt=\"\ud83e\udd49\" width=\"25\" height=\"25\" data-emoji=\"\ud83e\udd49\" aria-label=\"\ud83e\udd49\"><img loading=\"lazy\" decoding=\"async\" class=\"an1\" src=\"https:\/\/fonts.gstatic.com\/s\/e\/notoemoji\/16.0\/1f3c6\/72.png\" alt=\"\ud83c\udfc6\" width=\"24\" height=\"24\" data-emoji=\"\ud83c\udfc6\" aria-label=\"\ud83c\udfc6\">&nbsp;3. miejsce w klasyfikacji generalnej! Jeste\u015bmy z Was ogromnie dumni!&nbsp;<img loading=\"lazy\" decoding=\"async\" class=\"an1\" src=\"https:\/\/fonts.gstatic.com\/s\/e\/notoemoji\/16.0\/1f4aa\/72.png\" alt=\"\ud83d\udcaa\" width=\"24\" height=\"24\" data-emoji=\"\ud83d\udcaa\" aria-label=\"\ud83d\udcaa\"><img loading=\"lazy\" decoding=\"async\" class=\"an1\" src=\"https:\/\/fonts.gstatic.com\/s\/e\/notoemoji\/16.0\/1f525\/72.png\" alt=\"\ud83d\udd25\" width=\"28\" height=\"28\" data-emoji=\"\ud83d\udd25\" aria-label=\"\ud83d\udd25\"><\/em><\/p>\n<p><em>Zawodnicy, rywalizuj\u0105c w 15-osobowych zespo\u0142ach, wzi\u0119li udzia\u0142 w konkurencjach takich jak:<\/em><br \/>\n<em><img loading=\"lazy\" decoding=\"async\" class=\"an1\" src=\"https:\/\/fonts.gstatic.com\/s\/e\/notoemoji\/16.0\/1f535\/72.png\" alt=\"\ud83d\udd35\" width=\"21\" height=\"21\" data-emoji=\"\ud83d\udd35\" aria-label=\"\ud83d\udd35\">&nbsp;dru\u017cynowy bieg wahad\u0142owy<\/em><br \/>\n<em><img loading=\"lazy\" decoding=\"async\" class=\"an1\" src=\"https:\/\/fonts.gstatic.com\/s\/e\/notoemoji\/16.0\/1f535\/72.png\" alt=\"\ud83d\udd35\" width=\"21\" height=\"21\" data-emoji=\"\ud83d\udd35\" aria-label=\"\ud83d\udd35\">&nbsp;dru\u017cynowy skok w dal z miejsca<\/em><br \/>\n<em><img loading=\"lazy\" decoding=\"async\" class=\"an1\" src=\"https:\/\/fonts.gstatic.com\/s\/e\/notoemoji\/16.0\/1f535\/72.png\" alt=\"\ud83d\udd35\" width=\"21\" height=\"21\" data-emoji=\"\ud83d\udd35\" aria-label=\"\ud83d\udd35\">&nbsp; tr\u00f3jskok dru\u017cynowy<\/em><br \/>\n<em><img loading=\"lazy\" decoding=\"async\" class=\"an1\" src=\"https:\/\/fonts.gstatic.com\/s\/e\/notoemoji\/16.0\/1f535\/72.png\" alt=\"\ud83d\udd35\" width=\"21\" height=\"21\" data-emoji=\"\ud83d\udd35\" aria-label=\"\ud83d\udd35\">&nbsp; przekazywanie pa\u0142eczki sztafetowej<\/em><br \/>\n<em><img loading=\"lazy\" decoding=\"async\" class=\"an1\" src=\"https:\/\/fonts.gstatic.com\/s\/e\/notoemoji\/16.0\/1f535\/72.png\" alt=\"\ud83d\udd35\" width=\"21\" height=\"21\" data-emoji=\"\ud83d\udd35\" aria-label=\"\ud83d\udd35\">&nbsp; rzut oszczepem (zamiennik \u2013 piankowy \u201emakaron\u201d)<\/em><br \/>\n<em><img loading=\"lazy\" decoding=\"async\" class=\"an1\" src=\"https:\/\/fonts.gstatic.com\/s\/e\/notoemoji\/16.0\/1f535\/72.png\" alt=\"\ud83d\udd35\" width=\"21\" height=\"21\" data-emoji=\"\ud83d\udd35\" aria-label=\"\ud83d\udd35\">&nbsp; rzut dyskiem<\/em><\/p>\n<p><em>To by\u0142a nie tylko rywalizacja, ale tak\u017ce \u015bwietna zabawa, integracja i okazja do sprawdzenia swoich mo\u017cliwo\u015bci. Dzi\u0119kujemy wszystkim zawodnikom za sportow\u0105 postaw\u0119 oraz rodzicom i opiekunom za wsparcie!&nbsp;<img loading=\"lazy\" decoding=\"async\" class=\"an1\" src=\"https:\/\/fonts.gstatic.com\/s\/e\/notoemoji\/16.0\/1f44f\/72.png\" alt=\"\ud83d\udc4f\" width=\"20\" height=\"20\" data-emoji=\"\ud83d\udc4f\" aria-label=\"\ud83d\udc4f\"><img loading=\"lazy\" decoding=\"async\" class=\"an1\" src=\"https:\/\/fonts.gstatic.com\/s\/e\/notoemoji\/16.0\/1f499\/72.png\" alt=\"\ud83d\udc99\" width=\"21\" height=\"21\" data-emoji=\"\ud83d\udc99\" aria-label=\"\ud83d\udc99\"><\/em><\/p>\n<p><em>Na tym ko\u0144czymy tegoroczne rozgrywki w ramach programu \u201eLekkoatletyka z Orlika\u201d. Dzi\u0119kujemy za pi\u0119kn\u0105 sportow\u0105 przygod\u0119 i do zobaczenia w kolejnej edycji!&nbsp;<img loading=\"lazy\" decoding=\"async\" class=\"an1\" src=\"https:\/\/fonts.gstatic.com\/s\/e\/notoemoji\/16.0\/1f64c\/72.png\" alt=\"\ud83d\ude4c\" width=\"22\" height=\"22\" data-emoji=\"\ud83d\ude4c\" aria-label=\"\ud83d\ude4c\"><img loading=\"lazy\" decoding=\"async\" class=\"an1\" src=\"https:\/\/fonts.gstatic.com\/s\/e\/notoemoji\/16.0\/2728\/72.png\" alt=\"\u2728\" width=\"22\" height=\"22\" data-emoji=\"\u2728\" aria-label=\"\u2728\"><\/em><\/p>\n<p style=\"text-align: right\"><em>Joanna Kope\u0107<\/em><\/p>\nngg_shortcode_0_placeholder\n","protected":false},"excerpt":{"rendered":"<p>Za nami pe\u0142en emocji wojew\u00f3dzki etap zmaga\u0144 Lekkoatletyka z Orlika! Nasza szkolna reprezentacja pokaza\u0142a ogromne zaanga\u017cowanie, \u015bwietn\u0105 sportow\u0105 form\u0119 i pi\u0119kny duch walki, zdobywaj\u0105c &nbsp;3. miejsce w klasyfikacji generalnej! Jeste\u015bmy&#8230;<\/p>\n","protected":false},"author":2,"featured_media":26405,"comment_status":"open","ping_status":"open","sticky":false,"template":"","format":"standard","meta":{"inline_featured_image":false,"ngg_post_thumbnail":0,"footnotes":""},"categories":[29],"tags":[],"class_list":["post-26399","post","type-post","status-publish","format-standard","has-post-thumbnail","hentry","category-aktualnosci"],"_links":{"self":[{"href":"https:\/\/zsp12.gliwice.pl\/sp15\/wp-json\/wp\/v2\/posts\/26399"}],"collection":[{"href":"https:\/\/zsp12.gliwice.pl\/sp15\/wp-json\/wp\/v2\/posts"}],"about":[{"href":"https:\/\/zsp12.gliwice.pl\/sp15\/wp-json\/wp\/v2\/types\/post"}],"author":[{"embeddable":true,"href":"https:\/\/zsp12.gliwice.pl\/sp15\/wp-json\/wp\/v2\/users\/2"}],"replies":[{"embeddable":true,"href":"https:\/\/zsp12.gliwice.pl\/sp15\/wp-json\/wp\/v2\/comments?post=26399"}],"version-history":[{"count":1,"href":"https:\/\/zsp12.gliwice.pl\/sp15\/wp-json\/wp\/v2\/posts\/26399\/revisions"}],"predecessor-version":[{"id":26406,"href":"https:\/\/zsp12.gliwice.pl\/sp15\/wp-json\/wp\/v2\/posts\/26399\/revisions\/26406"}],"wp:featuredmedia":[{"embeddable":true,"href":"https:\/\/zsp12.gliwice.pl\/sp15\/wp-json\/wp\/v2\/media\/26405"}],"wp:attachment":[{"href":"https:\/\/zsp12.gliwice.pl\/sp15\/wp-json\/wp\/v2\/media?parent=26399"}],"wp:term":[{"taxonomy":"category","embeddable":true,"href":"https:\/\/zsp12.gliwice.pl\/sp15\/wp-json\/wp\/v2\/categories?post=26399"},{"taxonomy":"post_tag","embeddable":true,"href":"https:\/\/zsp12.gliwice.pl\/sp15\/wp-json\/wp\/v2\/tags?post=26399"}],"curies":[{"name":"wp","href":"https:\/\/api.w.org\/{rel}","templated":true}]}}