{"id":18058,"date":"2023-10-05T20:28:34","date_gmt":"2023-10-05T18:28:34","guid":{"rendered":"https:\/\/zsp12.gliwice.pl\/sp15\/?p=18058"},"modified":"2023-10-09T17:09:37","modified_gmt":"2023-10-09T15:09:37","slug":"wie-lange-lebte-stanislaw-bylina-o-zajeciach-z-jezyka-mniejszosci-niemieckiej","status":"publish","type":"post","link":"https:\/\/zsp12.gliwice.pl\/sp15\/blog\/2023\/10\/05\/wie-lange-lebte-stanislaw-bylina-o-zajeciach-z-jezyka-mniejszosci-niemieckiej\/","title":{"rendered":"Wie lange lebte Stanis\u0142aw Bylina? O zaj\u0119ciach z j\u0119zyka mniejszo\u015bci niemieckiej"},"content":{"rendered":"<p><em>Projekt edukacyjny &#8220;Szko\u0142a Patriot\u00f3w&#8217; oraz posta\u0107 Stanis\u0142awa Byliny zawita\u0142a r\u00f3wnie\u017c na zaj\u0119ciach z historii i kultury Niemiec. Uczniowie klas 5 i 6 wykonali kilka multimedialnych zada\u0144, dzi\u0119ki kt\u00f3rym poznali s\u0142ownictwo zwi\u0105zane z \u017cyciem i dzia\u0142alno\u015bci\u0105 tego wa\u017cnego dla Gliwic lekarza. Uczniowie dowiedzieli si\u0119 r\u00f3wnie\u017c, \u017ce Stanis\u0142aw Bylina pracowa\u0142 w Hamburgu.<\/em><\/p>\n<p style=\"text-align: right\"><em>Aneta Sojka, Klaudia Faber<\/em><\/p>\nngg_shortcode_0_placeholder\n","protected":false},"excerpt":{"rendered":"<p>Projekt edukacyjny &#8220;Szko\u0142a Patriot\u00f3w&#8217; oraz posta\u0107 Stanis\u0142awa Byliny zawita\u0142a r\u00f3wnie\u017c na zaj\u0119ciach z historii i kultury Niemiec. Uczniowie klas 5 i 6 wykonali kilka multimedialnych zada\u0144, dzi\u0119ki kt\u00f3rym poznali s\u0142ownictwo&#8230;<\/p>\n","protected":false},"author":2,"featured_media":18059,"comment_status":"open","ping_status":"open","sticky":false,"template":"","format":"standard","meta":{"inline_featured_image":false,"ngg_post_thumbnail":0,"footnotes":""},"categories":[29],"tags":[],"class_list":["post-18058","post","type-post","status-publish","format-standard","has-post-thumbnail","hentry","category-aktualnosci"],"_links":{"self":[{"href":"https:\/\/zsp12.gliwice.pl\/sp15\/wp-json\/wp\/v2\/posts\/18058"}],"collection":[{"href":"https:\/\/zsp12.gliwice.pl\/sp15\/wp-json\/wp\/v2\/posts"}],"about":[{"href":"https:\/\/zsp12.gliwice.pl\/sp15\/wp-json\/wp\/v2\/types\/post"}],"author":[{"embeddable":true,"href":"https:\/\/zsp12.gliwice.pl\/sp15\/wp-json\/wp\/v2\/users\/2"}],"replies":[{"embeddable":true,"href":"https:\/\/zsp12.gliwice.pl\/sp15\/wp-json\/wp\/v2\/comments?post=18058"}],"version-history":[{"count":4,"href":"https:\/\/zsp12.gliwice.pl\/sp15\/wp-json\/wp\/v2\/posts\/18058\/revisions"}],"predecessor-version":[{"id":18164,"href":"https:\/\/zsp12.gliwice.pl\/sp15\/wp-json\/wp\/v2\/posts\/18058\/revisions\/18164"}],"wp:featuredmedia":[{"embeddable":true,"href":"https:\/\/zsp12.gliwice.pl\/sp15\/wp-json\/wp\/v2\/media\/18059"}],"wp:attachment":[{"href":"https:\/\/zsp12.gliwice.pl\/sp15\/wp-json\/wp\/v2\/media?parent=18058"}],"wp:term":[{"taxonomy":"category","embeddable":true,"href":"https:\/\/zsp12.gliwice.pl\/sp15\/wp-json\/wp\/v2\/categories?post=18058"},{"taxonomy":"post_tag","embeddable":true,"href":"https:\/\/zsp12.gliwice.pl\/sp15\/wp-json\/wp\/v2\/tags?post=18058"}],"curies":[{"name":"wp","href":"https:\/\/api.w.org\/{rel}","templated":true}]}}